{"id":139122,"date":"2019-04-29T14:56:26","date_gmt":"2019-04-29T17:56:26","guid":{"rendered":"https:\/\/diarioregionaldigital.com.br\/?p=139122"},"modified":"2019-04-29T15:11:05","modified_gmt":"2019-04-29T18:11:05","slug":"confianca-da-industria-aumenta-07-ponto-de-marco-para-abril-diz-fgv","status":"publish","type":"post","link":"https:\/\/diarioregionaldigital.com.br\/?p=139122","title":{"rendered":"Confian\u00e7a da ind\u00fastria aumenta 0,7 ponto de mar\u00e7o para abril, diz FGV"},"content":{"rendered":"<p>O \u00cdndice de Confian\u00e7a da Ind\u00fastria, medido pela Funda\u00e7\u00e3o Getulio Vargas (FGV), cresceu 0,7 ponto na passagem de mar\u00e7o para abril deste ano. Com o resultado, o indicador subiu para 97,9 pontos, em uma escala de zero a 200 pontos, e recuperou parte da queda de 1,8 ponto do m\u00eas anterior.<\/p>\n<p>A confian\u00e7a subiu em nove dos 19 segmentos industriais pesquisados. O \u00cdndice da Situa\u00e7\u00e3o Atual, que mede a confian\u00e7a do empres\u00e1rio no presente, subiu 1,4 ponto, para 98,5 pontos. O indicador que mede o grau de satisfa\u00e7\u00e3o com a situa\u00e7\u00e3o atual dos neg\u00f3cios subiu 2,7 pontos.<\/p>\n<p>O \u00cdndice de Expectativas, que mede a confian\u00e7a no futuro, ficou est\u00e1vel em 97,4 pontos.<\/p>\n<p>Houve crescimento do otimismo do empres\u00e1rio em rela\u00e7\u00e3o \u00e0 tend\u00eancia da produ\u00e7\u00e3o nos tr\u00eas meses seguintes. Por outro lado, houve queda da confian\u00e7a nos indicadores de emprego para os pr\u00f3ximos tr\u00eas meses e a tend\u00eancia dos neg\u00f3cios para os pr\u00f3ximos seis meses.<\/p>\n<p>&nbsp;<\/p>\n<p>Foto: Ag\u00eancia Brasil<\/p>\n","protected":false},"excerpt":{"rendered":"<p>O \u00cdndice de Confian\u00e7a da Ind\u00fastria, medido pela Funda\u00e7\u00e3o Getulio Vargas (FGV), cresceu 0,7 ponto na passagem de mar\u00e7o para abril deste ano. Com o resultado, o indicador subiu para 97,9 pontos, em uma escala de zero a 200 pontos, e recuperou parte da queda de 1,8 ponto do m\u00eas anterior. A confian\u00e7a subiu em [&hellip;]<\/p>\n","protected":false},"author":96,"featured_media":139123,"comment_status":"closed","ping_status":"closed","sticky":false,"template":"","format":"standard","meta":{"footnotes":""},"categories":[436,262,439],"tags":[],"class_list":["post-139122","post","type-post","status-publish","format-standard","has-post-thumbnail","hentry","category-destaque-da-semana","category-noticias","category-ultima-hora"],"_links":{"self":[{"href":"https:\/\/diarioregionaldigital.com.br\/index.php?rest_route=\/wp\/v2\/posts\/139122","targetHints":{"allow":["GET"]}}],"collection":[{"href":"https:\/\/diarioregionaldigital.com.br\/index.php?rest_route=\/wp\/v2\/posts"}],"about":[{"href":"https:\/\/diarioregionaldigital.com.br\/index.php?rest_route=\/wp\/v2\/types\/post"}],"author":[{"embeddable":true,"href":"https:\/\/diarioregionaldigital.com.br\/index.php?rest_route=\/wp\/v2\/users\/96"}],"replies":[{"embeddable":true,"href":"https:\/\/diarioregionaldigital.com.br\/index.php?rest_route=%2Fwp%2Fv2%2Fcomments&post=139122"}],"version-history":[{"count":0,"href":"https:\/\/diarioregionaldigital.com.br\/index.php?rest_route=\/wp\/v2\/posts\/139122\/revisions"}],"wp:featuredmedia":[{"embeddable":true,"href":"https:\/\/diarioregionaldigital.com.br\/index.php?rest_route=\/wp\/v2\/media\/139123"}],"wp:attachment":[{"href":"https:\/\/diarioregionaldigital.com.br\/index.php?rest_route=%2Fwp%2Fv2%2Fmedia&parent=139122"}],"wp:term":[{"taxonomy":"category","embeddable":true,"href":"https:\/\/diarioregionaldigital.com.br\/index.php?rest_route=%2Fwp%2Fv2%2Fcategories&post=139122"},{"taxonomy":"post_tag","embeddable":true,"href":"https:\/\/diarioregionaldigital.com.br\/index.php?rest_route=%2Fwp%2Fv2%2Ftags&post=139122"}],"curies":[{"name":"wp","href":"https:\/\/api.w.org\/{rel}","templated":true}]}}