{"id":139120,"date":"2019-04-29T14:49:21","date_gmt":"2019-04-29T17:49:21","guid":{"rendered":"https:\/\/diarioregionaldigital.com.br\/?p=139120"},"modified":"2019-04-29T14:49:21","modified_gmt":"2019-04-29T17:49:21","slug":"ebola-mata-865-pessoas-no-congo","status":"publish","type":"post","link":"https:\/\/diarioregionaldigital.com.br\/?p=139120","title":{"rendered":"Ebola mata 865 pessoas no Congo"},"content":{"rendered":"<p>O n\u00famero de mortes causadas pelo cont\u00e1gio do v\u00edrus Ebola, na prov\u00edncia de Kivu Norte, no nordeste da Rep\u00fablica Democr\u00e1tica do Congo, aumentou para 865 no \u00faltimo fim de semana, informou o Minist\u00e9rio da Sa\u00fade do pa\u00eds.<\/p>\n<p>O governo, que combate a epidemia com a Organiza\u00e7\u00e3o Mundial de Sa\u00fade (OMS) e organiza\u00e7\u00f5es n\u00e3o governamentais, registrou, desde o in\u00edcio da epidemia, 865 mortes, 66 possivelmente causadas pelo Ebola, e 410 pessoas curadas.<\/p>\n<p>O registro de casos de cont\u00e1gio do v\u00edrus \u00c9bola cresceu na \u00faltima semana, fixando-se em1.439, dos quais 1.373 confirmados e 66 poss\u00edveis.<\/p>\n<p>De acordo com a mesma nota do governo, existem agora 263 casos suspeitos da doen\u00e7a sob investiga\u00e7\u00e3o.<\/p>\n<p>Desde a semana passada, foram registrados mais 22 novos casos confirmados, incluindo seis em Butembo, quatro em Katwa, quatro em Mabalako, tr\u00eas em Mandima, tr\u00eas em Kalunguta, um em Beni e um em Musienene.<\/p>\n<p>O Minist\u00e9rio da Sa\u00fade da RDCongo admitiu que a epidemia de Ebola, nas prov\u00edncias de Kivu Norte e Ituri, \u00e9 j\u00e1 a maior da hist\u00f3ria do pa\u00eds relativamente ao n\u00famero de cont\u00e1gios.<\/p>\n<p>O Congo foi atingido nove vezes pelo Ebola, depois da primeira manifesta\u00e7\u00e3o do v\u00edrus no pa\u00eds africano, em 1976.<\/p>\n<p>&nbsp;<\/p>\n<p>Fonte: Ag\u00eancia Brasil<\/p>\n","protected":false},"excerpt":{"rendered":"<p>O n\u00famero de mortes causadas pelo cont\u00e1gio do v\u00edrus Ebola, na prov\u00edncia de Kivu Norte, no nordeste da Rep\u00fablica Democr\u00e1tica do Congo, aumentou para 865 no \u00faltimo fim de semana, informou o Minist\u00e9rio da Sa\u00fade do pa\u00eds. O governo, que combate a epidemia com a Organiza\u00e7\u00e3o Mundial de Sa\u00fade (OMS) e organiza\u00e7\u00f5es n\u00e3o governamentais, registrou, [&hellip;]<\/p>\n","protected":false},"author":96,"featured_media":97709,"comment_status":"closed","ping_status":"closed","sticky":false,"template":"","format":"standard","meta":{"footnotes":""},"categories":[302,436,262,439],"tags":[],"class_list":["post-139120","post","type-post","status-publish","format-standard","has-post-thumbnail","hentry","category-brasil-mundo","category-destaque-da-semana","category-noticias","category-ultima-hora"],"_links":{"self":[{"href":"https:\/\/diarioregionaldigital.com.br\/index.php?rest_route=\/wp\/v2\/posts\/139120","targetHints":{"allow":["GET"]}}],"collection":[{"href":"https:\/\/diarioregionaldigital.com.br\/index.php?rest_route=\/wp\/v2\/posts"}],"about":[{"href":"https:\/\/diarioregionaldigital.com.br\/index.php?rest_route=\/wp\/v2\/types\/post"}],"author":[{"embeddable":true,"href":"https:\/\/diarioregionaldigital.com.br\/index.php?rest_route=\/wp\/v2\/users\/96"}],"replies":[{"embeddable":true,"href":"https:\/\/diarioregionaldigital.com.br\/index.php?rest_route=%2Fwp%2Fv2%2Fcomments&post=139120"}],"version-history":[{"count":0,"href":"https:\/\/diarioregionaldigital.com.br\/index.php?rest_route=\/wp\/v2\/posts\/139120\/revisions"}],"wp:featuredmedia":[{"embeddable":true,"href":"https:\/\/diarioregionaldigital.com.br\/index.php?rest_route=\/wp\/v2\/media\/97709"}],"wp:attachment":[{"href":"https:\/\/diarioregionaldigital.com.br\/index.php?rest_route=%2Fwp%2Fv2%2Fmedia&parent=139120"}],"wp:term":[{"taxonomy":"category","embeddable":true,"href":"https:\/\/diarioregionaldigital.com.br\/index.php?rest_route=%2Fwp%2Fv2%2Fcategories&post=139120"},{"taxonomy":"post_tag","embeddable":true,"href":"https:\/\/diarioregionaldigital.com.br\/index.php?rest_route=%2Fwp%2Fv2%2Ftags&post=139120"}],"curies":[{"name":"wp","href":"https:\/\/api.w.org\/{rel}","templated":true}]}}