{"id":139110,"date":"2019-04-29T15:08:24","date_gmt":"2019-04-29T18:08:24","guid":{"rendered":"https:\/\/diarioregionaldigital.com.br\/?p=139110"},"modified":"2019-04-29T15:11:14","modified_gmt":"2019-04-29T18:11:14","slug":"acidente-envolvendo-onibus-deixa-feridos-na-avenida-brasil","status":"publish","type":"post","link":"https:\/\/diarioregionaldigital.com.br\/?p=139110","title":{"rendered":"Acidente envolvendo \u00f4nibus deixa feridos na Avenida Brasil"},"content":{"rendered":"<p>Na manh\u00e3 desta segunda-feira, 29, um \u00f4nibus da linha 728, invadiu uma concession\u00e1ria de ve\u00edculos que fica localizada na Avenida Brasil, na altura do n\u00famero 8045.<\/p>\n<p>Segundo as informa\u00e7\u00f5es do Corpo de Bomebeiros, o motorista, 51, teria sofrido um mal s\u00fabito, perdendo o controle do ve\u00edculo e batendo no estabelecimento. A estrutura da loja ficou danificada sendo necess\u00e1rio solicitar a presen\u00e7a da Defesa Civil.<\/p>\n<p>Ao todo, oito pessoas ficaram levemente feridas e foram encaminhadas para o HPS. Conforme informa\u00e7\u00f5es do Corpo de Bombeiros, entre os feridos havia uma crian\u00e7a de 1 ano e cinco meses e uma mulher, 24 anos, gr\u00e1vida de oito meses, que foi encaminhada para o Hospital Maternidade.<\/p>\n<p>&nbsp;<\/p>\n<div id=\"attachment_139112\" style=\"width: 532px\" class=\"wp-caption aligncenter\"><img loading=\"lazy\" decoding=\"async\" aria-describedby=\"caption-attachment-139112\" class=\" wp-image-139112\" src=\"https:\/\/diarioregionaldigital.com.br\/wp-content\/uploads\/2019\/04\/WhatsApp-Image-2019-04-29-at-11.34.11-300x169.jpeg\" alt=\"\" width=\"522\" height=\"294\" srcset=\"https:\/\/diarioregionaldigital.com.br\/wp-content\/uploads\/2019\/04\/WhatsApp-Image-2019-04-29-at-11.34.11-300x169.jpeg 300w, https:\/\/diarioregionaldigital.com.br\/wp-content\/uploads\/2019\/04\/WhatsApp-Image-2019-04-29-at-11.34.11-768x432.jpeg 768w, https:\/\/diarioregionaldigital.com.br\/wp-content\/uploads\/2019\/04\/WhatsApp-Image-2019-04-29-at-11.34.11-1024x576.jpeg 1024w, https:\/\/diarioregionaldigital.com.br\/wp-content\/uploads\/2019\/04\/WhatsApp-Image-2019-04-29-at-11.34.11-360x203.jpeg 360w, https:\/\/diarioregionaldigital.com.br\/wp-content\/uploads\/2019\/04\/WhatsApp-Image-2019-04-29-at-11.34.11.jpeg 1280w\" sizes=\"auto, (max-width: 522px) 100vw, 522px\" \/><p id=\"caption-attachment-139112\" class=\"wp-caption-text\">Foto: Felipe Siqueira<\/p><\/div>\n<p>Tr\u00eas v\u00edtimas foram socorridas pela Unidade de Resgate do Corpo de Bombeiros e cinco foram socorridas pelo Samu.<\/p>\n<p>O tr\u00e2nsito precisou ficar parcialmente interditado.<\/p>\n","protected":false},"excerpt":{"rendered":"<p>Na manh\u00e3 desta segunda-feira, 29, um \u00f4nibus da linha 728, invadiu uma concession\u00e1ria de ve\u00edculos que fica localizada na Avenida Brasil, na altura do n\u00famero 8045. Segundo as informa\u00e7\u00f5es do Corpo de Bomebeiros, o motorista, 51, teria sofrido um mal s\u00fabito, perdendo o controle do ve\u00edculo e batendo no estabelecimento. A estrutura da loja ficou [&hellip;]<\/p>\n","protected":false},"author":96,"featured_media":139111,"comment_status":"closed","ping_status":"closed","sticky":false,"template":"","format":"standard","meta":{"footnotes":""},"categories":[253,436,440,439],"tags":[],"class_list":["post-139110","post","type-post","status-publish","format-standard","has-post-thumbnail","hentry","category-cidade","category-destaque-da-semana","category-destaques-do-dia","category-ultima-hora"],"_links":{"self":[{"href":"https:\/\/diarioregionaldigital.com.br\/index.php?rest_route=\/wp\/v2\/posts\/139110","targetHints":{"allow":["GET"]}}],"collection":[{"href":"https:\/\/diarioregionaldigital.com.br\/index.php?rest_route=\/wp\/v2\/posts"}],"about":[{"href":"https:\/\/diarioregionaldigital.com.br\/index.php?rest_route=\/wp\/v2\/types\/post"}],"author":[{"embeddable":true,"href":"https:\/\/diarioregionaldigital.com.br\/index.php?rest_route=\/wp\/v2\/users\/96"}],"replies":[{"embeddable":true,"href":"https:\/\/diarioregionaldigital.com.br\/index.php?rest_route=%2Fwp%2Fv2%2Fcomments&post=139110"}],"version-history":[{"count":0,"href":"https:\/\/diarioregionaldigital.com.br\/index.php?rest_route=\/wp\/v2\/posts\/139110\/revisions"}],"wp:featuredmedia":[{"embeddable":true,"href":"https:\/\/diarioregionaldigital.com.br\/index.php?rest_route=\/wp\/v2\/media\/139111"}],"wp:attachment":[{"href":"https:\/\/diarioregionaldigital.com.br\/index.php?rest_route=%2Fwp%2Fv2%2Fmedia&parent=139110"}],"wp:term":[{"taxonomy":"category","embeddable":true,"href":"https:\/\/diarioregionaldigital.com.br\/index.php?rest_route=%2Fwp%2Fv2%2Fcategories&post=139110"},{"taxonomy":"post_tag","embeddable":true,"href":"https:\/\/diarioregionaldigital.com.br\/index.php?rest_route=%2Fwp%2Fv2%2Ftags&post=139110"}],"curies":[{"name":"wp","href":"https:\/\/api.w.org\/{rel}","templated":true}]}}