{"id":139099,"date":"2019-04-27T08:30:02","date_gmt":"2019-04-27T11:30:02","guid":{"rendered":"https:\/\/diarioregionaldigital.com.br\/?p=139099"},"modified":"2019-04-27T08:30:02","modified_gmt":"2019-04-27T11:30:02","slug":"centro-de-jf-recebe-danca-da-escola-no-calcadao-na-proxima-segunda-feira","status":"publish","type":"post","link":"https:\/\/diarioregionaldigital.com.br\/?p=139099","title":{"rendered":"Centro de JF recebe \u201cDan\u00e7a da Escola no Cal\u00e7ad\u00e3o\u201d na pr\u00f3xima segunda-feira"},"content":{"rendered":"<p>Quem passar pelo Cal\u00e7ad\u00e3o da Rua Halfeld na manh\u00e3 de segunda-feira, 29, vai se deparar com a oitava edi\u00e7\u00e3o do projeto &#8220;Dan\u00e7a da Escola no Cal\u00e7ad\u00e3o&#8221;, com o tema &#8220;Arte para Pensar o Mundo&#8221;. Quase 400 alunos da rede municipal de ensino dan\u00e7ar\u00e3o entre as pessoas. A iniciativa da Secretaria de Educa\u00e7\u00e3o (SE), por meio do Departamento de Planejamento Pedag\u00f3gico e de Forma\u00e7\u00e3o, ter\u00e1 in\u00edcio \u00e0s 10 horas. Este ano, 11 escolas municipais participam da interven\u00e7\u00e3o art\u00edstica.<\/p>\n<p>A \u201cDan\u00e7a da Escola no Cal\u00e7ad\u00e3o\u201d teve in\u00edcio em 2012, celebra a import\u00e2ncia da dan\u00e7a na educa\u00e7\u00e3o e integra as celebra\u00e7\u00f5es do Dia Internacional da Dan\u00e7a, comemorado em 29 de abril, proposto pela Organiza\u00e7\u00e3o das Na\u00e7\u00f5es Unidas para Educa\u00e7\u00e3o a Ci\u00eancia e a Cultura (Unesco).<\/p>\n<p><b>Conhe\u00e7a os subtemas escolhidos pelas escolas participantes:<\/b><\/p>\n<p><b>Centro de Educa\u00e7\u00e3o de Jovens e Adultos Dr. Geraldo Moutinho (CEM)<\/b>\u00a0&#8211; Centro<br \/>\n<b>Prof.\u00aa:<\/b>\u00a0Fernanda da Silveira Souza<br \/>\n<b>Tema:<\/b>\u00a0\u201cMinha parte no mundo\u201d<br \/>\n<b>Alunos:<\/b>\u00a015 alunos com idade de 16 a 70 anos<\/p>\n<p><b>E.M. Am\u00e9lia Mascarenhas<\/b>\u00a0\u2013 S\u00e3o Bernardo<br \/>\n<b>Prof.\u00aa:<\/b>\u00a0Priscila Aparecida Breviglieri Ribeiro<br \/>\n<b>Tema:<\/b>\u00a0\u201cTrag\u00e9dias brasileiras anunciadas\u201d<br \/>\n<b>Alunos:<\/b>\u00a025 alunos com idade de 10 a 14 anos<\/p>\n<p><b>E.M. Bom Pastor<\/b>\u00a0\u2013 Cidade Jardim<br \/>\n<b>Prof.\u00aa:<\/b>\u00a0Michelle Neto Luiz<br \/>\nJoyce Nat\u00e1lia Batista Lopes<br \/>\n<b>Tema:<\/b>\u00a0\u201cMulher e sociedade\u201d<br \/>\n<b>Alunos:<\/b>\u00a015 alunos com idade de 9 a 10 anos<\/p>\n<p><b>E. M. Carlos Drummond de Andrade<\/b>\u00a0\u2013 Nova Era<br \/>\n<b>Prof.\u00aa:<\/b>\u00a0Anelisa Martins de Lacerda<br \/>\n<b>Tema:<\/b>\u00a0\u201cCotidiano\u201d<br \/>\n<b>Alunos:<\/b>\u00a030 alunos com idade de 10 e 16 anos<\/p>\n<p><b>E.M. Dom Justino Jos\u00e9 de Sant`Anna<\/b>\u00a0&#8211; Torre\u00f5es<br \/>\n<b>Prof.\u00aa:<\/b>\u00a0Paulo Cezar da Silva<br \/>\n<b>Tema:<\/b>\u00a0\u201cAltru\u00edsmo\u201d<br \/>\n<b>Alunos:<\/b>\u00a050 alunos com idade de 11 a 17 anos<\/p>\n<p><b>E.M. Dr. Antonino Lessa<\/b>\u00a0\u2013 Santa Efig\u00eania<br \/>\n<b>Prof.\u00aa:\u00a0<\/b>Elizabeth Cruzeiro Scaldaferri<br \/>\n<b>Tema:<\/b>\u00a0\u201cRela\u00e7\u00f5es interpessoais\u201d<br \/>\n<b>Alunos:<\/b>\u00a030 alunos com idade de 11 a 17 anos<\/p>\n<p><b>E.M. Manuel Bandeira\u00a0<\/b>\u2013 Nossa Senhora Aparecida<br \/>\n<b>Prof.\u00aa:<\/b>\u00a0Elizabeth de Oliveira Ferreira<br \/>\n<b>Tema:\u00a0<\/b>\u201cPaz e guerra\u201d<br \/>\n<b>Alunos:\u00a0<\/b>50 alunos com idade de 10 a 12 anos<\/p>\n<p><b>E.M. Nagib Felix Cury\u00a0<\/b>&#8211; Penido<br \/>\n<b>Prof.\u00aa<\/b>\u00a0Thatiane Christina Soares Alves<br \/>\n<b>Tema:<\/b>\u00a0\u201cInclus\u00e3o\u201d<br \/>\n<b>Alunos:<\/b>\u00a0alunos de 8 a 11 anos<\/p>\n<p><b>E.M. Prof. Oswaldo Veloso\u00a0<\/b>\u2013 Santa Luzia<br \/>\n<b>Prof.\u00aa:<\/b>\u00a0Alexa Costa de Freitas Alexandre<br \/>\n<b>Tema:<\/b>\u00a0\u201cMulher\u201d<br \/>\n<b>Alunos:<\/b>\u00a050 alunos com idade de 7 a 11 anos<\/p>\n<p><b>E.M. Rocha Pombo<\/b>\u00a0&#8211; Amazonas<br \/>\n<b>Prof.\u00aa:<\/b>\u00a0Alexa Costa de Freitas Alexandre<br \/>\nBianca Leite de Freitas<br \/>\nWalmor Gomes Calado<br \/>\n<b>Tema:<\/b>\u00a0\u201cToque\u201d<br \/>\n<b>Alunos:<\/b>\u00a060 alunos com idade de 7 anos<\/p>\n<p><b>E. M. Uni\u00e3o da Bet\u00e2nia<\/b>\u00a0\u2013 Granjas Bet\u00e2nia<br \/>\n<b>Prof.:<\/b>\u00a0Herbert Hischter Chaves de Paula<br \/>\n<b>Tema:<\/b>\u00a0\u201cSe for para ter guerra, que seja de travesseiro\u201d<br \/>\n<b>Alunos:<\/b>\u00a040 alunos com idade de 10 a 17 anos<\/p>\n<p>Fonte: PJF<\/p>\n","protected":false},"excerpt":{"rendered":"<p>Quem passar pelo Cal\u00e7ad\u00e3o da Rua Halfeld na manh\u00e3 de segunda-feira, 29, vai se deparar com a oitava edi\u00e7\u00e3o do projeto &#8220;Dan\u00e7a da Escola no Cal\u00e7ad\u00e3o&#8221;, com o tema &#8220;Arte para Pensar o Mundo&#8221;. Quase 400 alunos da rede municipal de ensino dan\u00e7ar\u00e3o entre as pessoas. A iniciativa da Secretaria de Educa\u00e7\u00e3o (SE), por meio [&hellip;]<\/p>\n","protected":false},"author":96,"featured_media":139100,"comment_status":"closed","ping_status":"closed","sticky":false,"template":"","format":"standard","meta":{"footnotes":""},"categories":[253,436,439],"tags":[],"class_list":["post-139099","post","type-post","status-publish","format-standard","has-post-thumbnail","hentry","category-cidade","category-destaque-da-semana","category-ultima-hora"],"_links":{"self":[{"href":"https:\/\/diarioregionaldigital.com.br\/index.php?rest_route=\/wp\/v2\/posts\/139099","targetHints":{"allow":["GET"]}}],"collection":[{"href":"https:\/\/diarioregionaldigital.com.br\/index.php?rest_route=\/wp\/v2\/posts"}],"about":[{"href":"https:\/\/diarioregionaldigital.com.br\/index.php?rest_route=\/wp\/v2\/types\/post"}],"author":[{"embeddable":true,"href":"https:\/\/diarioregionaldigital.com.br\/index.php?rest_route=\/wp\/v2\/users\/96"}],"replies":[{"embeddable":true,"href":"https:\/\/diarioregionaldigital.com.br\/index.php?rest_route=%2Fwp%2Fv2%2Fcomments&post=139099"}],"version-history":[{"count":0,"href":"https:\/\/diarioregionaldigital.com.br\/index.php?rest_route=\/wp\/v2\/posts\/139099\/revisions"}],"wp:featuredmedia":[{"embeddable":true,"href":"https:\/\/diarioregionaldigital.com.br\/index.php?rest_route=\/wp\/v2\/media\/139100"}],"wp:attachment":[{"href":"https:\/\/diarioregionaldigital.com.br\/index.php?rest_route=%2Fwp%2Fv2%2Fmedia&parent=139099"}],"wp:term":[{"taxonomy":"category","embeddable":true,"href":"https:\/\/diarioregionaldigital.com.br\/index.php?rest_route=%2Fwp%2Fv2%2Fcategories&post=139099"},{"taxonomy":"post_tag","embeddable":true,"href":"https:\/\/diarioregionaldigital.com.br\/index.php?rest_route=%2Fwp%2Fv2%2Ftags&post=139099"}],"curies":[{"name":"wp","href":"https:\/\/api.w.org\/{rel}","templated":true}]}}