{"id":139097,"date":"2019-04-27T08:25:26","date_gmt":"2019-04-27T11:25:26","guid":{"rendered":"https:\/\/diarioregionaldigital.com.br\/?p=139097"},"modified":"2019-04-27T08:25:26","modified_gmt":"2019-04-27T11:25:26","slug":"rio-branco-recebe-bem-comum-lazer-neste-domingo-2","status":"publish","type":"post","link":"https:\/\/diarioregionaldigital.com.br\/?p=139097","title":{"rendered":"Rio Branco recebe \u201cBem Comum Lazer\u201d neste domingo"},"content":{"rendered":"<p>Neste domingo, 28, a Secretaria de Transporte e Tr\u00e2nsito (Settra) da Prefeitura de Juiz de Fora (PJF) far\u00e1 interven\u00e7\u00f5es no tr\u00e2nsito da regi\u00e3o central, para mais uma edi\u00e7\u00e3o do \u201cBem Comum Lazer\u201d. Das 6 \u00e0s 13 horas, a pista central da Avenida Rio Branco, no trecho entre a Rua Doutor Romualdo e a Avenida Doutor Jos\u00e9 Proc\u00f3pio Teixeira, ficar\u00e1 interditada ao tr\u00e2nsito de ve\u00edculos.<\/p>\n<p>Os \u00f4nibus que circulam no sentido bairros Manoel Hon\u00f3rio\/Bom Pastor deixar\u00e3o a faixa central no cruzamento com Avenida Presidente Itamar Franco, utilizando a lateral. No sentido inverso, retornar\u00e3o \u00e0 pista central no cruzamento com a Rua Doutor Romualdo. Os pontos de parada na pista lateral ser\u00e3o em frente aos atuais da pista central.<\/p>\n<p>Interven\u00e7\u00f5es desvios e interdi\u00e7\u00f5es, agora, podem ser consultadas tamb\u00e9m atrav\u00e9s da plataforma &#8220;Waze&#8221; , no site\u00a0<a href=\"https:\/\/www.waze.com\/pt-BR\/livemap\">www.waze.com\/pt-BR\/livemap<\/a>.<\/p>\n<p>Fonte: PJF<\/p>\n","protected":false},"excerpt":{"rendered":"<p>Neste domingo, 28, a Secretaria de Transporte e Tr\u00e2nsito (Settra) da Prefeitura de Juiz de Fora (PJF) far\u00e1 interven\u00e7\u00f5es no tr\u00e2nsito da regi\u00e3o central, para mais uma edi\u00e7\u00e3o do \u201cBem Comum Lazer\u201d. Das 6 \u00e0s 13 horas, a pista central da Avenida Rio Branco, no trecho entre a Rua Doutor Romualdo e a Avenida Doutor [&hellip;]<\/p>\n","protected":false},"author":96,"featured_media":130741,"comment_status":"closed","ping_status":"closed","sticky":false,"template":"","format":"standard","meta":{"footnotes":""},"categories":[253,436,439],"tags":[],"class_list":["post-139097","post","type-post","status-publish","format-standard","has-post-thumbnail","hentry","category-cidade","category-destaque-da-semana","category-ultima-hora"],"_links":{"self":[{"href":"https:\/\/diarioregionaldigital.com.br\/index.php?rest_route=\/wp\/v2\/posts\/139097","targetHints":{"allow":["GET"]}}],"collection":[{"href":"https:\/\/diarioregionaldigital.com.br\/index.php?rest_route=\/wp\/v2\/posts"}],"about":[{"href":"https:\/\/diarioregionaldigital.com.br\/index.php?rest_route=\/wp\/v2\/types\/post"}],"author":[{"embeddable":true,"href":"https:\/\/diarioregionaldigital.com.br\/index.php?rest_route=\/wp\/v2\/users\/96"}],"replies":[{"embeddable":true,"href":"https:\/\/diarioregionaldigital.com.br\/index.php?rest_route=%2Fwp%2Fv2%2Fcomments&post=139097"}],"version-history":[{"count":0,"href":"https:\/\/diarioregionaldigital.com.br\/index.php?rest_route=\/wp\/v2\/posts\/139097\/revisions"}],"wp:featuredmedia":[{"embeddable":true,"href":"https:\/\/diarioregionaldigital.com.br\/index.php?rest_route=\/wp\/v2\/media\/130741"}],"wp:attachment":[{"href":"https:\/\/diarioregionaldigital.com.br\/index.php?rest_route=%2Fwp%2Fv2%2Fmedia&parent=139097"}],"wp:term":[{"taxonomy":"category","embeddable":true,"href":"https:\/\/diarioregionaldigital.com.br\/index.php?rest_route=%2Fwp%2Fv2%2Fcategories&post=139097"},{"taxonomy":"post_tag","embeddable":true,"href":"https:\/\/diarioregionaldigital.com.br\/index.php?rest_route=%2Fwp%2Fv2%2Ftags&post=139097"}],"curies":[{"name":"wp","href":"https:\/\/api.w.org\/{rel}","templated":true}]}}