{"id":139092,"date":"2019-04-27T08:12:12","date_gmt":"2019-04-27T11:12:12","guid":{"rendered":"https:\/\/diarioregionaldigital.com.br\/?p=139092"},"modified":"2019-04-27T08:12:12","modified_gmt":"2019-04-27T11:12:12","slug":"camara-mirim-2019-define-opcoes-de-tema-para-elaboracao-de-propostas","status":"publish","type":"post","link":"https:\/\/diarioregionaldigital.com.br\/?p=139092","title":{"rendered":"C\u00e2mara Mirim 2019 define op\u00e7\u00f5es de tema para elabora\u00e7\u00e3o de propostas"},"content":{"rendered":"<p>Representantes das escolas que participam do projeto C\u00e2mara Mirim 2019 se reuniram na sexta-feira, 26, com o objetivo de definir tr\u00eas sugest\u00f5es de temas para os alunos trabalharem este ano. Os estudantes ter\u00e3o que escolher sobre qual tem\u00e1tica desejam elaborar propostas.<\/p>\n<p>A C\u00e2mara Mirim \u00e9 um projeto que possibilita que estudantes do ensino fundamental dos col\u00e9gios de Juiz de Fora conhe\u00e7am o trabalho desenvolvido pelo Legislativo. Eles recebem oficinas sobre pol\u00edtica e cidadania durante o ano e, no encerramento da edi\u00e7\u00e3o, devem apresentar propostas sobre o tema escolhido.<\/p>\n<p>As op\u00e7\u00f5es de temas estabelecidas pelos professores s\u00e3o: atividades culturais e esportivas para os jovens nos espa\u00e7os p\u00fablicos; meio ambiente &#8211; a quest\u00e3o do lixo eletr\u00f4nico e do desperd\u00edcio; e acessibilidade das pessoas com defici\u00eancia nas escolas. No dia 6 de maio, \u00e0s 14h, todos os 120 estudantes que participam da C\u00e2mara Mirim se encontrar\u00e3o no Col\u00e9gio CNEC. Durante o Encontro, ser\u00e1 desenvolvida uma din\u00e2mica de entrosamento e oficinas de capacita\u00e7\u00e3o sobre os tr\u00eas temas sugeridos. O coordenador do projeto, S\u00e9rgio Dutra, explica que depois das oficinas ser\u00e1 definido o tema da edi\u00e7\u00e3o. \u201cOs alunos ser\u00e3o divididos em grupos de trabalho e ter\u00e3o um momento para discutir os temas apresentados. Depois eles ser\u00e3o levados para uma plen\u00e1ria, na qual v\u00e3o escolher o tema que querem discutir esse ano\u201d, conta.<\/p>\n<p>Em 2019, as 14 escolas participantes s\u00e3o: Centro de Educa\u00e7\u00e3o Interativa, Centro Educacional Aguiar Celeghini (CEAC), Col\u00e9gio CNEC Juiz de Fora, Col\u00e9gio dos Jesu\u00edtas, Col\u00e9gio Metodista Granbery, Col\u00e9gio Vianna J\u00fanior, Escola Municipal \u00c1urea Bicalho, Escola Municipal Dr. Adhemar Rezende de Andrade, Escola Municipal Dr. Paulo Japyassu, Escola Municipal Henrique Jos\u00e9 de Souza, Escola Municipal Rocha Pombo, Escola Municipal Uni\u00e3o da Bet\u00e2nia, Escola Municipal Vereador Marcos Freesz e Instituto Estadual de Educa\u00e7\u00e3o de Juiz de Fora.<\/p>\n<p>Fonte: CMJF<\/p>\n","protected":false},"excerpt":{"rendered":"<p>Representantes das escolas que participam do projeto C\u00e2mara Mirim 2019 se reuniram na sexta-feira, 26, com o objetivo de definir tr\u00eas sugest\u00f5es de temas para os alunos trabalharem este ano. Os estudantes ter\u00e3o que escolher sobre qual tem\u00e1tica desejam elaborar propostas. A C\u00e2mara Mirim \u00e9 um projeto que possibilita que estudantes do ensino fundamental dos [&hellip;]<\/p>\n","protected":false},"author":96,"featured_media":139093,"comment_status":"closed","ping_status":"closed","sticky":false,"template":"","format":"standard","meta":{"footnotes":""},"categories":[253,436,439],"tags":[],"class_list":["post-139092","post","type-post","status-publish","format-standard","has-post-thumbnail","hentry","category-cidade","category-destaque-da-semana","category-ultima-hora"],"_links":{"self":[{"href":"https:\/\/diarioregionaldigital.com.br\/index.php?rest_route=\/wp\/v2\/posts\/139092","targetHints":{"allow":["GET"]}}],"collection":[{"href":"https:\/\/diarioregionaldigital.com.br\/index.php?rest_route=\/wp\/v2\/posts"}],"about":[{"href":"https:\/\/diarioregionaldigital.com.br\/index.php?rest_route=\/wp\/v2\/types\/post"}],"author":[{"embeddable":true,"href":"https:\/\/diarioregionaldigital.com.br\/index.php?rest_route=\/wp\/v2\/users\/96"}],"replies":[{"embeddable":true,"href":"https:\/\/diarioregionaldigital.com.br\/index.php?rest_route=%2Fwp%2Fv2%2Fcomments&post=139092"}],"version-history":[{"count":0,"href":"https:\/\/diarioregionaldigital.com.br\/index.php?rest_route=\/wp\/v2\/posts\/139092\/revisions"}],"wp:featuredmedia":[{"embeddable":true,"href":"https:\/\/diarioregionaldigital.com.br\/index.php?rest_route=\/wp\/v2\/media\/139093"}],"wp:attachment":[{"href":"https:\/\/diarioregionaldigital.com.br\/index.php?rest_route=%2Fwp%2Fv2%2Fmedia&parent=139092"}],"wp:term":[{"taxonomy":"category","embeddable":true,"href":"https:\/\/diarioregionaldigital.com.br\/index.php?rest_route=%2Fwp%2Fv2%2Fcategories&post=139092"},{"taxonomy":"post_tag","embeddable":true,"href":"https:\/\/diarioregionaldigital.com.br\/index.php?rest_route=%2Fwp%2Fv2%2Ftags&post=139092"}],"curies":[{"name":"wp","href":"https:\/\/api.w.org\/{rel}","templated":true}]}}