{"id":139080,"date":"2019-04-27T07:44:52","date_gmt":"2019-04-27T10:44:52","guid":{"rendered":"https:\/\/diarioregionaldigital.com.br\/?p=139080"},"modified":"2019-04-27T07:44:52","modified_gmt":"2019-04-27T10:44:52","slug":"juros-do-cheque-especial-e-rotativo-do-cartao-sobem-em-marco","status":"publish","type":"post","link":"https:\/\/diarioregionaldigital.com.br\/?p=139080","title":{"rendered":"Juros do cheque especial e rotativo do cart\u00e3o sobem em mar\u00e7o"},"content":{"rendered":"<p>Os clientes de institui\u00e7\u00f5es financeiras que ca\u00edram no rotativo do cart\u00e3o de cr\u00e9dito ou usaram cheque especial pagaram juros mais caros em mar\u00e7o de 2019, de acordo com dados do Banco Central (BC), divulgados nessa sexta-feira, 26.<\/p>\n<p>A taxa de juros do cheque especial subiu 4,8 pontos percentuais, em rela\u00e7\u00e3o a fevereiro, ao chegar em 322,7% ao ano, em mar\u00e7o. No ano, houve aumento de 10,1 pontos percentuais na taxa de juros.<\/p>\n<p>As regras do cheque especial mudaram no ano passado. Os clientes que utilizam mais de 15% do limite do cheque durante 30 dias consecutivos passaram a receber a oferta de um parcelamento, com taxa de juros menores que a do cheque especial definida pela institui\u00e7\u00e3o financeira.<\/p>\n<p>A taxa m\u00e9dia do rotativo do cart\u00e3o de cr\u00e9dito subiu 4 pontos percentuais em rela\u00e7\u00e3o a fevereiro, chegando a 299,5% ao ano, no m\u00eas passado. No ano, houve aumento de 14,1 pontos percentuais.<\/p>\n<p>O rotativo \u00e9 o cr\u00e9dito tomado pelo consumidor quando paga menos que o valor integral da fatura do cart\u00e3o. O cr\u00e9dito rotativo dura 30 dias. Ap\u00f3s esse prazo, as institui\u00e7\u00f5es financeiras parcelam a d\u00edvida.<\/p>\n<p>As taxas do cheque especial e do rotativo do cart\u00e3o s\u00e3o as mais caras entre as modalidades oferecidas pelos bancos. A do cr\u00e9dito pessoal, por exemplo, ficou em 123,7% ao ano em mar\u00e7o, com aumento de 1,2 ponto percentual na compara\u00e7\u00e3o com o m\u00eas anterior. A taxa do cr\u00e9dito consignado (com desconto em folha de pagamento) chegou a 23,6% ao ano, com redu\u00e7\u00e3o de 0,5 ponto percentual em rela\u00e7\u00e3o a fevereiro.<\/p>\n<p>A taxa m\u00e9dia de juros para as fam\u00edlias subiu 0,6 ponto percentual para 53,7% ao ano. A taxa m\u00e9dia das empresas permaneceu em 19,8% ao ano.<\/p>\n<p>O chefe adjunto do Departamento de Estat\u00edsticas do BC, Renato Baldini, destacou que o cr\u00e9dito rotativo (do cart\u00e3o e cheque especial) deve ser evitado devido \u00e0s taxas de juros mais altas. \u201cO aumento nas taxas de juros est\u00e1 concentrado no cr\u00e9dito rotativo\u201d, disse.<\/p>\n<h2>Inadimpl\u00eancia<\/h2>\n<p>A inadimpl\u00eancia do cr\u00e9dito, considerados atrasos acima de 90 dias, permaneceu em 4,7% para pessoas f\u00edsicas e em 2,8% para as empresas. Os dados s\u00e3o do cr\u00e9dito livre em que os bancos t\u00eam autonomia para emprestar o dinheiro captado no mercado.<\/p>\n<p>No caso do cr\u00e9dito direcionado (empr\u00e9stimos com regras definidas pelo governo, destinados, basicamente, aos setores habitacional, rural e de infraestrutura) os juros para as pessoas f\u00edsicas subiu 0,1 ponto percentual para 7,6% ao ano. A taxa cobrada das empresas permaneceu em 10% ao ano. A inadimpl\u00eancia das pessoas f\u00edsicas subiu 0,1 ponto percentual para 1,8% e a das empresas passou de 1,8% em fevereiro para 2,1%, em mar\u00e7o.<\/p>\n<p>O saldo de todas as opera\u00e7\u00f5es de cr\u00e9dito do Sistema Financeiro chegou a R$ 3,267 trilh\u00f5es, com alta de 0,7% no m\u00eas e de 0,3%, no ano. Em rela\u00e7\u00e3o a tudo o que o pa\u00eds produz \u2013 o Produto Interno Bruto (PIB), o cr\u00e9dito permaneceu em 47,1%.<\/p>\n<p>Segundo Baldini, o cr\u00e9dito segue tend\u00eancia de recupera\u00e7\u00e3o gradual, que vem sendo observada desde o segundo semestre de 2017. \u201cO crescimento do cr\u00e9dito continua impulsionado pelo cr\u00e9dito livre\u201d, acrescentou.<\/p>\n<p>Fonte: Ag\u00eancia Brasil<\/p>\n","protected":false},"excerpt":{"rendered":"<p>Os clientes de institui\u00e7\u00f5es financeiras que ca\u00edram no rotativo do cart\u00e3o de cr\u00e9dito ou usaram cheque especial pagaram juros mais caros em mar\u00e7o de 2019, de acordo com dados do Banco Central (BC), divulgados nessa sexta-feira, 26. A taxa de juros do cheque especial subiu 4,8 pontos percentuais, em rela\u00e7\u00e3o a fevereiro, ao chegar em [&hellip;]<\/p>\n","protected":false},"author":96,"featured_media":135007,"comment_status":"closed","ping_status":"closed","sticky":false,"template":"","format":"standard","meta":{"footnotes":""},"categories":[436,261,439],"tags":[],"class_list":["post-139080","post","type-post","status-publish","format-standard","has-post-thumbnail","hentry","category-destaque-da-semana","category-economia","category-ultima-hora"],"_links":{"self":[{"href":"https:\/\/diarioregionaldigital.com.br\/index.php?rest_route=\/wp\/v2\/posts\/139080","targetHints":{"allow":["GET"]}}],"collection":[{"href":"https:\/\/diarioregionaldigital.com.br\/index.php?rest_route=\/wp\/v2\/posts"}],"about":[{"href":"https:\/\/diarioregionaldigital.com.br\/index.php?rest_route=\/wp\/v2\/types\/post"}],"author":[{"embeddable":true,"href":"https:\/\/diarioregionaldigital.com.br\/index.php?rest_route=\/wp\/v2\/users\/96"}],"replies":[{"embeddable":true,"href":"https:\/\/diarioregionaldigital.com.br\/index.php?rest_route=%2Fwp%2Fv2%2Fcomments&post=139080"}],"version-history":[{"count":0,"href":"https:\/\/diarioregionaldigital.com.br\/index.php?rest_route=\/wp\/v2\/posts\/139080\/revisions"}],"wp:featuredmedia":[{"embeddable":true,"href":"https:\/\/diarioregionaldigital.com.br\/index.php?rest_route=\/wp\/v2\/media\/135007"}],"wp:attachment":[{"href":"https:\/\/diarioregionaldigital.com.br\/index.php?rest_route=%2Fwp%2Fv2%2Fmedia&parent=139080"}],"wp:term":[{"taxonomy":"category","embeddable":true,"href":"https:\/\/diarioregionaldigital.com.br\/index.php?rest_route=%2Fwp%2Fv2%2Fcategories&post=139080"},{"taxonomy":"post_tag","embeddable":true,"href":"https:\/\/diarioregionaldigital.com.br\/index.php?rest_route=%2Fwp%2Fv2%2Ftags&post=139080"}],"curies":[{"name":"wp","href":"https:\/\/api.w.org\/{rel}","templated":true}]}}