{"id":139078,"date":"2019-04-27T07:41:15","date_gmt":"2019-04-27T10:41:15","guid":{"rendered":"https:\/\/diarioregionaldigital.com.br\/?p=139078"},"modified":"2019-04-27T07:41:15","modified_gmt":"2019-04-27T10:41:15","slug":"petrobras-anuncia-venda-de-oito-refinarias-e-rede-de-postos-no-uruguai","status":"publish","type":"post","link":"https:\/\/diarioregionaldigital.com.br\/?p=139078","title":{"rendered":"Petrobras anuncia venda de oito refinarias e rede de postos no Uruguai"},"content":{"rendered":"<p>O Conselho de Administra\u00e7\u00e3o da Petrobras aprovou, nesta sexta-feira, 26, novas diretrizes para a gest\u00e3o de seus ativos. As novas diretrizes incluem a venda de oito refinarias, de uma rede de postos no Uruguai e de parte da participa\u00e7\u00e3o na Petrobras Distribuidora (BR). As iniciativas, segundo nota divulgada pela companhia, fazem parte do Plano de Neg\u00f3cios e Gest\u00e3o 2020-2024, que tem previs\u00e3o de aprova\u00e7\u00e3o e divulga\u00e7\u00e3o no quarto trimestre deste ano.<\/p>\n<p>\u201cAs novas diretrizes consideram a venda de ativos com destaque para o segmento de Refino e Distribui\u00e7\u00e3o, incluindo a venda integral da PUDSA, rede de postos no Uruguai, oito refinarias que totalizam capacidade de refino de 1,1 milh\u00e3o de barris por dia, e a venda adicional de participa\u00e7\u00e3o na Petrobras Distribuidora (BR), permanecendo a Petrobras como acionista relevante\u201d, destaca a nota.<\/p>\n<p>Ser\u00e3o vendidas a Refinaria Abreu e Lima, a Unidade de Industrializa\u00e7\u00e3o do Xisto, as refinaria Landulpho Alves, Gabriel Passos, Presidente Get\u00falio Vargas, Alberto Pasqualini e Isaac Sabb\u00e1, al\u00e9m da Lubrificantes e Derivados de Petr\u00f3leo do Nordeste (LUBNOR).<\/p>\n<p>Segundo a Petrobras, a venda das refinarias visa a \u00e0 concentra\u00e7\u00e3o em ativos de maior rentabilidade e a dar mais competitividade e transpar\u00eancia ao segmento de refino no Brasil.<\/p>\n<p>\u201cNo caso da BR Distribuidora, encontra-se em estudo a realiza\u00e7\u00e3o de uma oferta p\u00fablica secund\u00e1ria de a\u00e7\u00f5es. Atualmente, a participa\u00e7\u00e3o da Petrobras no capital da BR Distribuidora \u00e9 de 71%. As diretrizes est\u00e3o de acordo com os pilares estrat\u00e9gicos da companhia, que t\u00eam como objetivo a maximiza\u00e7\u00e3o de valor para o acionista, atrav\u00e9s do foco em ativos em que a Petrobras \u00e9 a dona natural visando \u00e0 melhoria da aloca\u00e7\u00e3o do capital, aumento do retorno do capital empregado e redu\u00e7\u00e3o de seu custo de capital\u201d, conclui a estatal.<\/p>\n<p>Fonte: Ag\u00eancia Brasil<\/p>\n","protected":false},"excerpt":{"rendered":"<p>O Conselho de Administra\u00e7\u00e3o da Petrobras aprovou, nesta sexta-feira, 26, novas diretrizes para a gest\u00e3o de seus ativos. As novas diretrizes incluem a venda de oito refinarias, de uma rede de postos no Uruguai e de parte da participa\u00e7\u00e3o na Petrobras Distribuidora (BR). As iniciativas, segundo nota divulgada pela companhia, fazem parte do Plano de [&hellip;]<\/p>\n","protected":false},"author":96,"featured_media":105072,"comment_status":"closed","ping_status":"closed","sticky":false,"template":"","format":"standard","meta":{"footnotes":""},"categories":[436,261,439],"tags":[],"class_list":["post-139078","post","type-post","status-publish","format-standard","has-post-thumbnail","hentry","category-destaque-da-semana","category-economia","category-ultima-hora"],"_links":{"self":[{"href":"https:\/\/diarioregionaldigital.com.br\/index.php?rest_route=\/wp\/v2\/posts\/139078","targetHints":{"allow":["GET"]}}],"collection":[{"href":"https:\/\/diarioregionaldigital.com.br\/index.php?rest_route=\/wp\/v2\/posts"}],"about":[{"href":"https:\/\/diarioregionaldigital.com.br\/index.php?rest_route=\/wp\/v2\/types\/post"}],"author":[{"embeddable":true,"href":"https:\/\/diarioregionaldigital.com.br\/index.php?rest_route=\/wp\/v2\/users\/96"}],"replies":[{"embeddable":true,"href":"https:\/\/diarioregionaldigital.com.br\/index.php?rest_route=%2Fwp%2Fv2%2Fcomments&post=139078"}],"version-history":[{"count":0,"href":"https:\/\/diarioregionaldigital.com.br\/index.php?rest_route=\/wp\/v2\/posts\/139078\/revisions"}],"wp:featuredmedia":[{"embeddable":true,"href":"https:\/\/diarioregionaldigital.com.br\/index.php?rest_route=\/wp\/v2\/media\/105072"}],"wp:attachment":[{"href":"https:\/\/diarioregionaldigital.com.br\/index.php?rest_route=%2Fwp%2Fv2%2Fmedia&parent=139078"}],"wp:term":[{"taxonomy":"category","embeddable":true,"href":"https:\/\/diarioregionaldigital.com.br\/index.php?rest_route=%2Fwp%2Fv2%2Fcategories&post=139078"},{"taxonomy":"post_tag","embeddable":true,"href":"https:\/\/diarioregionaldigital.com.br\/index.php?rest_route=%2Fwp%2Fv2%2Ftags&post=139078"}],"curies":[{"name":"wp","href":"https:\/\/api.w.org\/{rel}","templated":true}]}}