{"id":139072,"date":"2019-04-27T07:38:56","date_gmt":"2019-04-27T10:38:56","guid":{"rendered":"https:\/\/diarioregionaldigital.com.br\/?p=139072"},"modified":"2019-04-27T07:38:56","modified_gmt":"2019-04-27T10:38:56","slug":"ministro-diz-que-risco-de-nao-ter-enem-esta-totalmente-afastado","status":"publish","type":"post","link":"https:\/\/diarioregionaldigital.com.br\/?p=139072","title":{"rendered":"Ministro diz que risco de n\u00e3o ter Enem est\u00e1 totalmente afastado"},"content":{"rendered":"<p>O ministro da Educa\u00e7\u00e3o, Abraham Weintraub, refutou hoje (25) qualquer possibilidade de adiamento ou cancelamento da prova do Exame Nacional do Ensino M\u00e9dio (Enem). A declara\u00e7\u00e3o foi dada ao lado de Jair Bolsonaro durante transmiss\u00e3o ao vivo na p\u00e1gina oficial do presidente no Facebook.<\/p>\n<p>A gr\u00e1fica respons\u00e1vel pela impress\u00e3o das provas nos \u00faltimos dez anos, a RR Donneley,\u00a0decretou fal\u00eancia no dia 1\u00ba de abril. \u00a0Devido aos riscos para a aplica\u00e7\u00e3o da prova, o Tribunal de Contas da Uni\u00e3o (TCU) autorizou que o Instituto Nacional de Estudos e Pesquisas Educacionais An\u00edsio Teixeira (Inep), respons\u00e1vel pelo Enem, contrate a Valid S.A., gr\u00e1fica, que no preg\u00e3o de 2016 havia ficado atr\u00e1s da RR Donnelley.<\/p>\n<p>&#8220;Havia um possibilidade, essa possibilidade foi afastada. O TCU foi muito parceiro em compreender o problema. Assim, risco de n\u00e3o ter Enem este ano est\u00e1 totalmente afastado. Para as pessoas que v\u00e3o prestar [as provas] este ano, podem continuar estudando&#8221;, disse Weintraub.<\/p>\n<h2>Quest\u00f5es ideol\u00f3gicas<\/h2>\n<p>Weintraub tamb\u00e9m disse \u00a0que &#8220;quest\u00f5es ideol\u00f3gicas&#8221; n\u00e3o ser\u00e3o inclu\u00eddas na prova do Enem este ano e recomendou que os estudantes foquem em aspectos t\u00e9cnicos.<\/p>\n<p>&#8220;Acho que quest\u00f5es ideol\u00f3gicas muito pol\u00eamicas como no passado n\u00e3o v\u00e3o acontecer este ano. Minha sugest\u00e3o: foquem mais na t\u00e9cnica de escrever, interpreta\u00e7\u00e3o de texto. Foquem muito em matem\u00e1tica, ci\u00eancias, em realmente num aspecto que a gente quer desenvolver, o conhecimento cient\u00edfico, a capacidade da pessoa de desenvolver novas habilidades&#8221;, disse. Wintraub n\u00e3o exemplificou o que seriam &#8220;quest\u00f5es ideol\u00f3gicas&#8221;.<\/p>\n<p>No ano passado, ainda como presidente eleito,\u00a0Bolsonaro criticou a prova do Enem realizada no dia 4 de novembro. Em uma entrevista, ele chegou classificar o exame como um \u201cvexame\u201d e uma \u201cdoutrina\u00e7\u00e3o exacerbada\u201d. A pol\u00eamica girou em torno de uma quest\u00e3o que fazia refer\u00eancia ao dialeto usado por\u00a0<em>gays\u00a0<\/em>e travestis. A pergunta, no entanto, n\u00e3o cobrava dos estudantes o conhecimento sobre o vocabul\u00e1rio de\u00a0<em>gays\u00a0<\/em>e travestis, mas trazia um texto de apoio sobre o tema e questionava quais as caracter\u00edsticas t\u00e9cnicas para que uma linguagem seja considerada um dialeto.<\/p>\n<h2>Altera\u00e7\u00f5es de decretos<\/h2>\n<p>Ainda durante a\u00a0<em>live<\/em>, que tamb\u00e9m teve a participa\u00e7\u00e3o do advogado-geral da Uni\u00e3o, Andr\u00e9 Luiz Mendon\u00e7a e do l\u00edder do governo na C\u00e2mara, o deputado federal Major Vitor Hugo (PSL-GO), Bolsonaro disse que poder\u00e1 receber sugest\u00f5es de parlamentares para alterar ou revogar decretos.<\/p>\n<p>&#8220;Estamos abertos, quem achar que tem algum decreto aqui que pode ser aperfei\u00e7oado, estamos \u00e0 disposi\u00e7\u00e3o para receber essas sugest\u00f5es. Logicamente n\u00f3s analisaremos junto \u00e0 Secretaria de Assuntos Jur\u00eddicos e, se for o caso, a gente em duas ou tr\u00eas semanas corrige o decreto&#8221;, disse o presidente. Ele citou o exemplo do decreto que\u00a0extinguiu o hor\u00e1rio de ver\u00e3o\u00a0este ano que, segundo ele, partiu de uma sugest\u00e3o inicial do deputado federal Jo\u00e3o Campos (PRB-GO).<br \/>\nFonte: Ag\u00eancia Brasil<\/p>\n","protected":false},"excerpt":{"rendered":"<p>O ministro da Educa\u00e7\u00e3o, Abraham Weintraub, refutou hoje (25) qualquer possibilidade de adiamento ou cancelamento da prova do Exame Nacional do Ensino M\u00e9dio (Enem). A declara\u00e7\u00e3o foi dada ao lado de Jair Bolsonaro durante transmiss\u00e3o ao vivo na p\u00e1gina oficial do presidente no Facebook. A gr\u00e1fica respons\u00e1vel pela impress\u00e3o das provas nos \u00faltimos dez anos, [&hellip;]<\/p>\n","protected":false},"author":96,"featured_media":139081,"comment_status":"closed","ping_status":"closed","sticky":false,"template":"","format":"standard","meta":{"footnotes":""},"categories":[436,254,439],"tags":[],"class_list":["post-139072","post","type-post","status-publish","format-standard","has-post-thumbnail","hentry","category-destaque-da-semana","category-politica","category-ultima-hora"],"_links":{"self":[{"href":"https:\/\/diarioregionaldigital.com.br\/index.php?rest_route=\/wp\/v2\/posts\/139072","targetHints":{"allow":["GET"]}}],"collection":[{"href":"https:\/\/diarioregionaldigital.com.br\/index.php?rest_route=\/wp\/v2\/posts"}],"about":[{"href":"https:\/\/diarioregionaldigital.com.br\/index.php?rest_route=\/wp\/v2\/types\/post"}],"author":[{"embeddable":true,"href":"https:\/\/diarioregionaldigital.com.br\/index.php?rest_route=\/wp\/v2\/users\/96"}],"replies":[{"embeddable":true,"href":"https:\/\/diarioregionaldigital.com.br\/index.php?rest_route=%2Fwp%2Fv2%2Fcomments&post=139072"}],"version-history":[{"count":0,"href":"https:\/\/diarioregionaldigital.com.br\/index.php?rest_route=\/wp\/v2\/posts\/139072\/revisions"}],"wp:featuredmedia":[{"embeddable":true,"href":"https:\/\/diarioregionaldigital.com.br\/index.php?rest_route=\/wp\/v2\/media\/139081"}],"wp:attachment":[{"href":"https:\/\/diarioregionaldigital.com.br\/index.php?rest_route=%2Fwp%2Fv2%2Fmedia&parent=139072"}],"wp:term":[{"taxonomy":"category","embeddable":true,"href":"https:\/\/diarioregionaldigital.com.br\/index.php?rest_route=%2Fwp%2Fv2%2Fcategories&post=139072"},{"taxonomy":"post_tag","embeddable":true,"href":"https:\/\/diarioregionaldigital.com.br\/index.php?rest_route=%2Fwp%2Fv2%2Ftags&post=139072"}],"curies":[{"name":"wp","href":"https:\/\/api.w.org\/{rel}","templated":true}]}}