{"id":139069,"date":"2019-04-28T06:00:31","date_gmt":"2019-04-28T09:00:31","guid":{"rendered":"https:\/\/diarioregionaldigital.com.br\/?p=139069"},"modified":"2019-04-26T22:35:34","modified_gmt":"2019-04-27T01:35:34","slug":"sinagua-convocacao-eleicao-28-04-19","status":"publish","type":"post","link":"https:\/\/diarioregionaldigital.com.br\/?p=139069","title":{"rendered":"Sinagua- Convoca\u00e7\u00e3o Elei\u00e7\u00e3o &#8211; 28\/04\/19"},"content":{"rendered":"<p style=\"text-align: center;\"><strong>SINDICATO DOS EMPREGADOS NAS INDUSTRIAS E SERVI\u00c7OS DE PURIFICA\u00c7\u00c3O E\/OU DISTRIBUI\u00c7\u00c3O DE \u00c1GUA E SERVI\u00c7OS DE ESGOTO DE JUIZ DE FORA.<\/strong><\/p>\n<p style=\"text-align: center;\"><strong>SINAGUA<\/strong><\/p>\n<p>CGC 21.185.228\/0001-73 \u2013 Fundado em 17\/03\/89<\/p>\n<p>ELEI\u00c7\u00c3O GERAL \u2013 CONVOCA\u00c7\u00c3O<\/p>\n<p>O Presidente do SINAGUA no uso de suas atribui\u00e7\u00f5es e de conformidade com o disposto nos Estatutos Sociais CONVOCA Elei\u00e7\u00e3o Geral para renova\u00e7\u00e3o da Diretoria e do Conselho Fiscal a realizar-se na data, hor\u00e1rios e locais abaixo fixados:<\/p>\n<ol>\n<li style=\"text-align: left;\">a) Data e hor\u00e1rio da vota\u00e7\u00e3o: 29, 30 e 31 de julho de 2019, das 07:00 h \u00e0s 17:30 h.<\/li>\n<\/ol>\n<p><strong>Locais fixos para vota\u00e7\u00e3o:<\/strong><\/p>\n<p>CESAMA \u2013 Av. Bar\u00e3o do Rio Branco, n\u00ba 1843 \u2013 Hall do 10\u00ba andar &#8211; Sede<\/p>\n<p>CESAMA \u2013 Rua Monsenhor Gustavo Freire, n\u00b0 75 \u2013 S\u00e3o Mateus<\/p>\n<p>CESAMA \u2013 Rua: Jarcil Firmino Pinheiro, Lote 03 \u2013 Regional Norte<\/p>\n<p>CESAMA \u2013 Rua: Santa Terezinha, n\u00ba 505 \u2013 Almoxarifado Santa Terezinha<\/p>\n<p>SINAGUA \u2013 Rua: Halfeld, n \u00ba 414\/1104 \u2013 Sede SINAGUA<\/p>\n<p>ITINERANTE &#8211;\u00a0 Esta\u00e7\u00f5es de Tratamento e Elevat\u00f3rias \u2013 Das 06:00 h \u00e0s 22:00 h.<\/p>\n<p><strong>Prazo para o registro das chapas: 30 de abril a 30 de maio de 2019.<\/strong><\/p>\n<ol>\n<li>b) Local: Sede do SINAGUA, das 08:00 h \u00e0s 10:30 h.<\/li>\n<li>c) Prazo para impugna\u00e7\u00e3o das chapas: 06 a 09 de junho de 2019.<\/li>\n<li>d) A Junta Eleitoral fixar\u00e1 os crit\u00e9rios a serem observados para a vota\u00e7\u00e3o e apura\u00e7\u00e3o da elei\u00e7\u00e3o.<\/li>\n<li>e) O presente edital poder\u00e1 ser alterado mediante delibera\u00e7\u00e3o da Assembl\u00e9ia Geral.<\/li>\n<\/ol>\n<p>&nbsp;<\/p>\n<p style=\"text-align: center;\"><strong>Juiz de Fora, 28 de abril de 2019.<\/strong><\/p>\n<p style=\"text-align: center;\"><strong>Edinaldo Sid Clei Ladeira Ramos<\/strong><\/p>\n<p style=\"text-align: center;\"><strong>Presidente<\/strong><\/p>\n","protected":false},"excerpt":{"rendered":"<p>SINDICATO DOS EMPREGADOS NAS INDUSTRIAS E SERVI\u00c7OS DE PURIFICA\u00c7\u00c3O E\/OU DISTRIBUI\u00c7\u00c3O DE \u00c1GUA E SERVI\u00c7OS DE ESGOTO DE JUIZ DE FORA. SINAGUA CGC 21.185.228\/0001-73 \u2013 Fundado em 17\/03\/89 ELEI\u00c7\u00c3O GERAL \u2013 CONVOCA\u00c7\u00c3O O Presidente do SINAGUA no uso de suas atribui\u00e7\u00f5es e de conformidade com o disposto nos Estatutos Sociais CONVOCA Elei\u00e7\u00e3o Geral para renova\u00e7\u00e3o [&hellip;]<\/p>\n","protected":false},"author":96,"featured_media":0,"comment_status":"closed","ping_status":"closed","sticky":false,"template":"","format":"standard","meta":{"footnotes":""},"categories":[307],"tags":[],"class_list":["post-139069","post","type-post","status-publish","format-standard","hentry","category-editais"],"_links":{"self":[{"href":"https:\/\/diarioregionaldigital.com.br\/index.php?rest_route=\/wp\/v2\/posts\/139069","targetHints":{"allow":["GET"]}}],"collection":[{"href":"https:\/\/diarioregionaldigital.com.br\/index.php?rest_route=\/wp\/v2\/posts"}],"about":[{"href":"https:\/\/diarioregionaldigital.com.br\/index.php?rest_route=\/wp\/v2\/types\/post"}],"author":[{"embeddable":true,"href":"https:\/\/diarioregionaldigital.com.br\/index.php?rest_route=\/wp\/v2\/users\/96"}],"replies":[{"embeddable":true,"href":"https:\/\/diarioregionaldigital.com.br\/index.php?rest_route=%2Fwp%2Fv2%2Fcomments&post=139069"}],"version-history":[{"count":0,"href":"https:\/\/diarioregionaldigital.com.br\/index.php?rest_route=\/wp\/v2\/posts\/139069\/revisions"}],"wp:attachment":[{"href":"https:\/\/diarioregionaldigital.com.br\/index.php?rest_route=%2Fwp%2Fv2%2Fmedia&parent=139069"}],"wp:term":[{"taxonomy":"category","embeddable":true,"href":"https:\/\/diarioregionaldigital.com.br\/index.php?rest_route=%2Fwp%2Fv2%2Fcategories&post=139069"},{"taxonomy":"post_tag","embeddable":true,"href":"https:\/\/diarioregionaldigital.com.br\/index.php?rest_route=%2Fwp%2Fv2%2Ftags&post=139069"}],"curies":[{"name":"wp","href":"https:\/\/api.w.org\/{rel}","templated":true}]}}