{"id":139067,"date":"2019-04-28T06:00:47","date_gmt":"2019-04-28T09:00:47","guid":{"rendered":"https:\/\/diarioregionaldigital.com.br\/?p=139067"},"modified":"2019-04-26T22:32:15","modified_gmt":"2019-04-27T01:32:15","slug":"clinica-atm-instituto-de-dor-oro-facial-28-04-19","status":"publish","type":"post","link":"https:\/\/diarioregionaldigital.com.br\/?p=139067","title":{"rendered":"Cl\u00ednica ATM &#8211; Instituto de Dor Oro-Facial &#8211; 28\/04\/19"},"content":{"rendered":"<p style=\"text-align: center;\"><strong>EDITAL \u2013 001\/19<\/strong><\/p>\n<p style=\"text-align: center;\"><strong>CONVOCA\u00c7\u00c3O DE ASSEMBLEIA GERAL EXTRAORDIN\u00c1RIA<\/strong><\/p>\n<p style=\"text-align: center;\"><strong>CL\u00cdNICA ATM \u2013 INSTITUTO DE DOR ORO-FACIAL LTDA-ME.<\/strong><\/p>\n<p style=\"text-align: center;\"><strong>CNPJ: 04.356.404\/0001-73<\/strong><\/p>\n<p style=\"text-align: center;\">Endere\u00e7o: Rua Rei Alberto,108 \u2013 Sala 602 \u2013 Centro \u2013 Juiz de Fora\/MG<\/p>\n<p style=\"text-align: center;\">A Diretora Administrativo-Financeira, segundo autoriza a Legisla\u00e7\u00e3o e o Regimento Interno da Cl\u00ednica ATM \u2013 Instituto de Dor Oro-Facial Ltda \u2013 ME, CNPJ: 04.356.404\/0001-73, no uso das atribui\u00e7\u00f5es que lhe s\u00e3o conferidas, convoca os senhores s\u00f3cios em condi\u00e7\u00f5es de votar, para se reunirem em Assembleia Geral Extraordin\u00e1ria, que se realizar\u00e1 em sua sede social \u00e0 Rua Rei Alberto, 108 \u2013 Sala 602, no dia 06 de maio de 2019, em primeira convoca\u00e7\u00e3o, \u00e0s 19 (dezenove) horas e 30 (trinta) minutos, em segunda convoca\u00e7\u00e3o \u00e0s 20 (vinte) horas, no mesmo dia e local, com a presen\u00e7a de <strong>3\/4 (tr\u00eas quartos)<\/strong> do capital social, a fim de deliberarem sobre a seguinte ORDEM DO DIA:<\/p>\n<p style=\"text-align: left;\">I \u2013 Destina\u00e7\u00e3o do Patrim\u00f4nio\/Ativo Imobilizado.<\/p>\n<p style=\"text-align: left;\">II \u2013 Outros Assuntos de Interesse Social.<\/p>\n<p style=\"text-align: center;\"><strong>NOTAS:<\/strong>Para efeito de qu\u00f3rum, declara-se ser de <strong>100% (cem por cento)<\/strong> de participa\u00e7\u00e3o percentual do Capital Social, somando-se todas as cotas dos s\u00f3cios.<\/p>\n<p style=\"text-align: center;\">A reuni\u00e3o ser\u00e1 realizada no endere\u00e7o acima, por cess\u00e3o do propriet\u00e1rio, uma vez que a Cl\u00ednica se encontra com as atividades paralisadas.<\/p>\n<p style=\"text-align: center;\"><strong>Juiz de Fora, 25 de abril de 2019.<\/strong><\/p>\n<p style=\"text-align: center;\">____________\u00ad\u00ad\u00ad\u00ad\u00ad_____________________<\/p>\n<p style=\"text-align: center;\"><strong>Karine Aparecida Gois Guimar\u00e3es<\/strong><\/p>\n<p style=\"text-align: center;\"><strong>Diretora Administrativo-Financeira<\/strong><\/p>\n<p style=\"text-align: center;\"><strong>CPF: 037.475.046-71<\/strong><\/p>\n","protected":false},"excerpt":{"rendered":"<p>EDITAL \u2013 001\/19 CONVOCA\u00c7\u00c3O DE ASSEMBLEIA GERAL EXTRAORDIN\u00c1RIA CL\u00cdNICA ATM \u2013 INSTITUTO DE DOR ORO-FACIAL LTDA-ME. CNPJ: 04.356.404\/0001-73 Endere\u00e7o: Rua Rei Alberto,108 \u2013 Sala 602 \u2013 Centro \u2013 Juiz de Fora\/MG A Diretora Administrativo-Financeira, segundo autoriza a Legisla\u00e7\u00e3o e o Regimento Interno da Cl\u00ednica ATM \u2013 Instituto de Dor Oro-Facial Ltda \u2013 ME, CNPJ: 04.356.404\/0001-73, [&hellip;]<\/p>\n","protected":false},"author":96,"featured_media":0,"comment_status":"closed","ping_status":"closed","sticky":false,"template":"","format":"standard","meta":{"footnotes":""},"categories":[307],"tags":[],"class_list":["post-139067","post","type-post","status-publish","format-standard","hentry","category-editais"],"_links":{"self":[{"href":"https:\/\/diarioregionaldigital.com.br\/index.php?rest_route=\/wp\/v2\/posts\/139067","targetHints":{"allow":["GET"]}}],"collection":[{"href":"https:\/\/diarioregionaldigital.com.br\/index.php?rest_route=\/wp\/v2\/posts"}],"about":[{"href":"https:\/\/diarioregionaldigital.com.br\/index.php?rest_route=\/wp\/v2\/types\/post"}],"author":[{"embeddable":true,"href":"https:\/\/diarioregionaldigital.com.br\/index.php?rest_route=\/wp\/v2\/users\/96"}],"replies":[{"embeddable":true,"href":"https:\/\/diarioregionaldigital.com.br\/index.php?rest_route=%2Fwp%2Fv2%2Fcomments&post=139067"}],"version-history":[{"count":0,"href":"https:\/\/diarioregionaldigital.com.br\/index.php?rest_route=\/wp\/v2\/posts\/139067\/revisions"}],"wp:attachment":[{"href":"https:\/\/diarioregionaldigital.com.br\/index.php?rest_route=%2Fwp%2Fv2%2Fmedia&parent=139067"}],"wp:term":[{"taxonomy":"category","embeddable":true,"href":"https:\/\/diarioregionaldigital.com.br\/index.php?rest_route=%2Fwp%2Fv2%2Fcategories&post=139067"},{"taxonomy":"post_tag","embeddable":true,"href":"https:\/\/diarioregionaldigital.com.br\/index.php?rest_route=%2Fwp%2Fv2%2Ftags&post=139067"}],"curies":[{"name":"wp","href":"https:\/\/api.w.org\/{rel}","templated":true}]}}