{"id":139065,"date":"2019-04-28T06:00:13","date_gmt":"2019-04-28T09:00:13","guid":{"rendered":"https:\/\/diarioregionaldigital.com.br\/?p=139065"},"modified":"2019-04-30T18:41:39","modified_gmt":"2019-04-30T21:41:39","slug":"comarca-leilao-carta-precatoria-28-04-19","status":"publish","type":"post","link":"https:\/\/diarioregionaldigital.com.br\/?p=139065","title":{"rendered":"Comarca &#8211; Leil\u00e3o Carta Precat\u00f3ria &#8211; 28\/04\/19"},"content":{"rendered":"<p style=\"text-align: center;\">Comarca de Juiz de Fora-MG- Edital de Leil\u00e3o- O Dr.Jos\u00e9 Alfredo J\u00fcnger, MM.Juiz de Direito da 3\u00aa.Vara\u00a0 C\u00edvel, desta comarca,FAZ SABER a quantos virem o presente edital ou conhecimento dele tiverem,,que tem curso nesta Secretaria ,a Carta Precat\u00f3ria,oriunda da Comarca de Blumenau,S.C.,4\u00aa Vara C\u00edvel-\u00a0 autos 500.3085-58.2019.8.13,0145-\u00a0\u00a0\u00a0 A\u00e7\u00e3o De Execu\u00e7\u00e3o de T\u00edtulo Extrajudicial \u2013sendo EXEQUENTE- SILMAQ S A \u2013e EXECUTADO \u2013DIOLINDO &amp; CIA LTDA.-ME ,para realiza\u00e7\u00e3o de Hasta P\u00fablica,do seguinte bem-\u00a0\u00a0 \u00a0um ve\u00edculo Fiat Fiorino Flex,placa HIJ 9632 ,chassi 9BD255049A8863468,ano 2009,modelo 2010,avaliado em R$19.412,00(dezenove mil quatrocentos e doze reais) ,que se encontra na Rua Padre Caf\u00e9\u00a0 no.175\/406,nesta cidade-<u>.Primeiro Leil\u00e3o Eletr\u00f5nico<\/u>&#8211; dia 16(dezesseis) de Maio as 14.00 hs para \u00a0Cadastro e Lances <u>somente <\/u>pelo site\u00a0 w.ww.angelabecharaleiloes.com.br-N\u00e3o sendo arrematado,o bem,ser\u00e1 novamente apregoado dia<u>23(vinte e tres) de Maio, presencialmente<\/u> , no Sagu\u00e3o do F\u00f3rum Benjamin Colucci,rua Marechal Deodoro 662,nesta cidade ,a quem mais der e melhor Lance oferecer acima de 50% da avalia\u00e7\u00e3o,n\u00e3o sendo admitido Lance Vil.Condi\u00e7\u00f5es de Venda, o disposto nos arts 886 e 887 do NCPC. O arrematante pagar\u00e1 5% de\u00a0 comiss\u00e3o de leiloeira,sobre o valor\u00a0 total do bem arrematado.Informa\u00e7\u00f5es e visita\u00e7\u00e3o\u00a0 agendada pelos tes.32 32118667 e WZ 32 999888149\u00a0 &#8211;<u>Fica o executado,Intimado das designa\u00e7\u00f5es supra,assim como seus procuradores,caso n\u00e3o seja encontrado pessoalmente.J<\/u>uiz de Fora,15 de Abril de 2019&#8230;&#8230;&#8230;&#8230;&#8230;&#8230;&#8230;&#8230;&#8230;&#8230;&#8230;&#8230;&#8230;..\u00c2ngela Bechara-Leioleira Oficial mat.077.<\/p>\n","protected":false},"excerpt":{"rendered":"<p>Comarca de Juiz de Fora-MG- Edital de Leil\u00e3o- O Dr.Jos\u00e9 Alfredo J\u00fcnger, MM.Juiz de Direito da 3\u00aa.Vara\u00a0 C\u00edvel, desta comarca,FAZ SABER a quantos virem o presente edital ou conhecimento dele tiverem,,que tem curso nesta Secretaria ,a Carta Precat\u00f3ria,oriunda da Comarca de Blumenau,S.C.,4\u00aa Vara C\u00edvel-\u00a0 autos 500.3085-58.2019.8.13,0145-\u00a0\u00a0\u00a0 A\u00e7\u00e3o De Execu\u00e7\u00e3o de T\u00edtulo Extrajudicial \u2013sendo EXEQUENTE- SILMAQ [&hellip;]<\/p>\n","protected":false},"author":96,"featured_media":0,"comment_status":"closed","ping_status":"closed","sticky":false,"template":"","format":"standard","meta":{"footnotes":""},"categories":[307],"tags":[],"class_list":["post-139065","post","type-post","status-publish","format-standard","hentry","category-editais"],"_links":{"self":[{"href":"https:\/\/diarioregionaldigital.com.br\/index.php?rest_route=\/wp\/v2\/posts\/139065","targetHints":{"allow":["GET"]}}],"collection":[{"href":"https:\/\/diarioregionaldigital.com.br\/index.php?rest_route=\/wp\/v2\/posts"}],"about":[{"href":"https:\/\/diarioregionaldigital.com.br\/index.php?rest_route=\/wp\/v2\/types\/post"}],"author":[{"embeddable":true,"href":"https:\/\/diarioregionaldigital.com.br\/index.php?rest_route=\/wp\/v2\/users\/96"}],"replies":[{"embeddable":true,"href":"https:\/\/diarioregionaldigital.com.br\/index.php?rest_route=%2Fwp%2Fv2%2Fcomments&post=139065"}],"version-history":[{"count":0,"href":"https:\/\/diarioregionaldigital.com.br\/index.php?rest_route=\/wp\/v2\/posts\/139065\/revisions"}],"wp:attachment":[{"href":"https:\/\/diarioregionaldigital.com.br\/index.php?rest_route=%2Fwp%2Fv2%2Fmedia&parent=139065"}],"wp:term":[{"taxonomy":"category","embeddable":true,"href":"https:\/\/diarioregionaldigital.com.br\/index.php?rest_route=%2Fwp%2Fv2%2Fcategories&post=139065"},{"taxonomy":"post_tag","embeddable":true,"href":"https:\/\/diarioregionaldigital.com.br\/index.php?rest_route=%2Fwp%2Fv2%2Ftags&post=139065"}],"curies":[{"name":"wp","href":"https:\/\/api.w.org\/{rel}","templated":true}]}}