{"id":139057,"date":"2019-04-26T15:44:50","date_gmt":"2019-04-26T18:44:50","guid":{"rendered":"https:\/\/diarioregionaldigital.com.br\/?p=139057"},"modified":"2019-04-26T15:44:50","modified_gmt":"2019-04-26T18:44:50","slug":"corredor-cultural-prazo-para-inscricao-de-propostas-entra-na-reta-final","status":"publish","type":"post","link":"https:\/\/diarioregionaldigital.com.br\/?p=139057","title":{"rendered":"\u201cCorredor Cultural\u201d: Prazo para inscri\u00e7\u00e3o de propostas entra na reta final"},"content":{"rendered":"<p>Faltam apenas sete dias para o encerramento do cadastro de propostas no \u201cCorredor Cultural 2019\u201d, que ser\u00e1 realizado de 24 a 26 de maio, como parte da programa\u00e7\u00e3o comemorativa dos 169 anos de Juiz de Fora. O prazo de inscri\u00e7\u00e3o termina no dia 3 de maio, sexta-feira, e os interessados podem acessar o regulamento e o formul\u00e1rio de inscri\u00e7\u00e3o no site\u00a0<a href=\"https:\/\/www.pjf.mg.gov.br\/administracao_indireta\/funalfa\/eventos\/corredor_cultural\/2019\/index.php\">pjf.mg.gov.br\/funalfa\/corredor_cultural<\/a>.<\/p>\n<p>\u00c9 preciso fazer o download do formul\u00e1rio, que dever\u00e1 ser preenchido e encaminhado junto com os documentos solicitados para o e-mail corredorculturaljf@gmail.com. Os proponentes podem ser pessoa f\u00edsica, microempreendedor individual (MEI), entidades sem fins lucrativos e demais pessoas jur\u00eddicas. Entre as informa\u00e7\u00f5es a serem prestadas est\u00e3o: nome da proposta ou a\u00e7\u00e3o; nome e contatos do respons\u00e1vel; experi\u00eancia na \u00e1rea de inscri\u00e7\u00e3o; resumo e dura\u00e7\u00e3o do evento; sugest\u00e3o de data, hor\u00e1rio e local para a realiza\u00e7\u00e3o da atividade.<\/p>\n<p>Podem ser apresentadas propostas em todos os segmentos culturais, como: m\u00fasica, dan\u00e7a, circo, teatro, cinema, fotografia, artes pl\u00e1sticas, cultura popular, moda e games, entre outras. Em rela\u00e7\u00e3o aos valores, foram criadas tr\u00eas categorias de atividades: pequeno porte &#8211; custo igual ou inferior a R$ 700 brutos; m\u00e9dio porte \u2013 custo de R$ 700,01 a R$ 2.000 brutos; grande porte &#8211; custo de R$ 2.000 a R$ 5.000 brutos. A \u00faltima categoria \u00e9 restrita \u00e0s pessoas jur\u00eddicas.<\/p>\n<p>As propostas inscritas ser\u00e3o avaliadas a partir dos seguintes crit\u00e9rios: relev\u00e2ncia cultural ou grau de inova\u00e7\u00e3o da proposta; clareza e sufici\u00eancia de informa\u00e7\u00f5es; exequibilidade e adequa\u00e7\u00e3o global da proposta; inclus\u00e3o de a\u00e7\u00f5es de acessibilidade; e forma\u00e7\u00e3o de p\u00fablico.<\/p>\n<p>A sele\u00e7\u00e3o acontecer\u00e1 de 4 a 8 de maio, per\u00edodo no qual os inscritos poder\u00e3o ser contatados para esclarecimento de d\u00favidas a respeito da proposta ou para negocia\u00e7\u00e3o de eventuais altera\u00e7\u00f5es necess\u00e1rias. O resultado final da sele\u00e7\u00e3o ser\u00e1 divulgado at\u00e9 o dia 10 de maio.<\/p>\n<p>&nbsp;<\/p>\n<p>Fonte: PJF<\/p>\n","protected":false},"excerpt":{"rendered":"<p>Faltam apenas sete dias para o encerramento do cadastro de propostas no \u201cCorredor Cultural 2019\u201d, que ser\u00e1 realizado de 24 a 26 de maio, como parte da programa\u00e7\u00e3o comemorativa dos 169 anos de Juiz de Fora. O prazo de inscri\u00e7\u00e3o termina no dia 3 de maio, sexta-feira, e os interessados podem acessar o regulamento e [&hellip;]<\/p>\n","protected":false},"author":96,"featured_media":139059,"comment_status":"closed","ping_status":"closed","sticky":false,"template":"","format":"standard","meta":{"footnotes":""},"categories":[256,436,262,439],"tags":[],"class_list":["post-139057","post","type-post","status-publish","format-standard","has-post-thumbnail","hentry","category-cultura","category-destaque-da-semana","category-noticias","category-ultima-hora"],"_links":{"self":[{"href":"https:\/\/diarioregionaldigital.com.br\/index.php?rest_route=\/wp\/v2\/posts\/139057","targetHints":{"allow":["GET"]}}],"collection":[{"href":"https:\/\/diarioregionaldigital.com.br\/index.php?rest_route=\/wp\/v2\/posts"}],"about":[{"href":"https:\/\/diarioregionaldigital.com.br\/index.php?rest_route=\/wp\/v2\/types\/post"}],"author":[{"embeddable":true,"href":"https:\/\/diarioregionaldigital.com.br\/index.php?rest_route=\/wp\/v2\/users\/96"}],"replies":[{"embeddable":true,"href":"https:\/\/diarioregionaldigital.com.br\/index.php?rest_route=%2Fwp%2Fv2%2Fcomments&post=139057"}],"version-history":[{"count":0,"href":"https:\/\/diarioregionaldigital.com.br\/index.php?rest_route=\/wp\/v2\/posts\/139057\/revisions"}],"wp:featuredmedia":[{"embeddable":true,"href":"https:\/\/diarioregionaldigital.com.br\/index.php?rest_route=\/wp\/v2\/media\/139059"}],"wp:attachment":[{"href":"https:\/\/diarioregionaldigital.com.br\/index.php?rest_route=%2Fwp%2Fv2%2Fmedia&parent=139057"}],"wp:term":[{"taxonomy":"category","embeddable":true,"href":"https:\/\/diarioregionaldigital.com.br\/index.php?rest_route=%2Fwp%2Fv2%2Fcategories&post=139057"},{"taxonomy":"post_tag","embeddable":true,"href":"https:\/\/diarioregionaldigital.com.br\/index.php?rest_route=%2Fwp%2Fv2%2Ftags&post=139057"}],"curies":[{"name":"wp","href":"https:\/\/api.w.org\/{rel}","templated":true}]}}