{"id":139052,"date":"2019-04-26T15:35:13","date_gmt":"2019-04-26T18:35:13","guid":{"rendered":"https:\/\/diarioregionaldigital.com.br\/?p=139052"},"modified":"2019-04-26T15:35:13","modified_gmt":"2019-04-26T18:35:13","slug":"camara-aprova-continuidade-do-processo-de-impeachment-de-crivella","status":"publish","type":"post","link":"https:\/\/diarioregionaldigital.com.br\/?p=139052","title":{"rendered":"C\u00e2mara aprova continuidade do processo de impeachment de Crivella"},"content":{"rendered":"<p>A comiss\u00e3o processante de\u00a0<em>impeachment<\/em>da C\u00e2mara Municipal do Rio de Janeiro aprovou, nesta sexta-feira, 26, a continuidade do processo contra o prefeito Marcelo Crivella, acusado de irregularidades em contratos de publicidade em pontos de \u00f4nibus e rel\u00f3gios de rua, que teriam dado preju\u00edzo superior a R$ 8 milh\u00f5es.<\/p>\n<p>Por 2 votos a 1, os vereadores decidiram que o processo deve prosseguir.<\/p>\n<p>Votaram pela continuidade do processo os vereadores Willian Coelho (MDB) e Luiz Carlos Ramos Filho (Podemos). Votou contra o vereador Paulo Messina (PROS), que deixou a Secretaria da Casa Civil de Crivella e reassumiu sua vaga na C\u00e2mara de Vereadores para refor\u00e7ar a base de apoio da prefeitura.<\/p>\n<p>Agora a comiss\u00e3o dar\u00e1 sequ\u00eancia aos depoimentos e continua com as investiga\u00e7\u00f5es sobre exist\u00eancia de interesse p\u00fablico na prorroga\u00e7\u00e3o do contrato de publicidade.<\/p>\n<p>&nbsp;<\/p>\n<p>Fonte: Ag\u00eancia Brasil<\/p>\n","protected":false},"excerpt":{"rendered":"<p>A comiss\u00e3o processante de\u00a0impeachmentda C\u00e2mara Municipal do Rio de Janeiro aprovou, nesta sexta-feira, 26, a continuidade do processo contra o prefeito Marcelo Crivella, acusado de irregularidades em contratos de publicidade em pontos de \u00f4nibus e rel\u00f3gios de rua, que teriam dado preju\u00edzo superior a R$ 8 milh\u00f5es. Por 2 votos a 1, os vereadores decidiram [&hellip;]<\/p>\n","protected":false},"author":96,"featured_media":139053,"comment_status":"closed","ping_status":"closed","sticky":false,"template":"","format":"standard","meta":{"footnotes":""},"categories":[436,262,254,439],"tags":[],"class_list":["post-139052","post","type-post","status-publish","format-standard","has-post-thumbnail","hentry","category-destaque-da-semana","category-noticias","category-politica","category-ultima-hora"],"_links":{"self":[{"href":"https:\/\/diarioregionaldigital.com.br\/index.php?rest_route=\/wp\/v2\/posts\/139052","targetHints":{"allow":["GET"]}}],"collection":[{"href":"https:\/\/diarioregionaldigital.com.br\/index.php?rest_route=\/wp\/v2\/posts"}],"about":[{"href":"https:\/\/diarioregionaldigital.com.br\/index.php?rest_route=\/wp\/v2\/types\/post"}],"author":[{"embeddable":true,"href":"https:\/\/diarioregionaldigital.com.br\/index.php?rest_route=\/wp\/v2\/users\/96"}],"replies":[{"embeddable":true,"href":"https:\/\/diarioregionaldigital.com.br\/index.php?rest_route=%2Fwp%2Fv2%2Fcomments&post=139052"}],"version-history":[{"count":0,"href":"https:\/\/diarioregionaldigital.com.br\/index.php?rest_route=\/wp\/v2\/posts\/139052\/revisions"}],"wp:featuredmedia":[{"embeddable":true,"href":"https:\/\/diarioregionaldigital.com.br\/index.php?rest_route=\/wp\/v2\/media\/139053"}],"wp:attachment":[{"href":"https:\/\/diarioregionaldigital.com.br\/index.php?rest_route=%2Fwp%2Fv2%2Fmedia&parent=139052"}],"wp:term":[{"taxonomy":"category","embeddable":true,"href":"https:\/\/diarioregionaldigital.com.br\/index.php?rest_route=%2Fwp%2Fv2%2Fcategories&post=139052"},{"taxonomy":"post_tag","embeddable":true,"href":"https:\/\/diarioregionaldigital.com.br\/index.php?rest_route=%2Fwp%2Fv2%2Ftags&post=139052"}],"curies":[{"name":"wp","href":"https:\/\/api.w.org\/{rel}","templated":true}]}}