{"id":139047,"date":"2019-04-26T15:31:43","date_gmt":"2019-04-26T18:31:43","guid":{"rendered":"https:\/\/diarioregionaldigital.com.br\/?p=139047"},"modified":"2019-04-26T15:31:43","modified_gmt":"2019-04-26T18:31:43","slug":"reforma-da-previdencia-vai-equilibrar-contas-publicas-diz-alcolumbre","status":"publish","type":"post","link":"https:\/\/diarioregionaldigital.com.br\/?p=139047","title":{"rendered":"Reforma da Previd\u00eancia vai equilibrar contas p\u00fablicas, diz Alcolumbre"},"content":{"rendered":"<p>O presidente do Senado, Davi Alcolumbre (DEM-AP), disse nesta sexta-feira, 26, que o Congresso Nacional vai aprovar uma reforma da Previd\u00eancia capaz de equilibrar as contas p\u00fablicas do pa\u00eds e\u00a0gerar mais emprego e renda.<\/p>\n<p>\u201cH\u00e1, sim, na reforma, pontos em que h\u00e1 certa diverg\u00eancia entre deputados e senadores. \u00c9 natural da democracia, vamos debater. N\u00f3s vamos entregar para o Brasil uma reforma que possa de fato equilibrar as contas p\u00fablicas e dar tranquilidade jur\u00eddica para o Brasil se desenvolver para gerarmos emprego, gerar mais renda para a popula\u00e7\u00e3o e darmos para os brasileiros o que eles esperam na classe pol\u00edtica: emprego. \u00c9 o que os brasileiros querem e a reforma vai proporcionar isso\u201d, afirmou\u00a0Alcolumbre.<\/p>\n<p>Segundo Alcolumbre, o presidente Jair Bolsonaro espera que a reforma\u00a0saia do Congresso com a for\u00e7a suficiente para provar que o Brasil tem capacidade de ajustar suas contas e de seguir um novo caminho. O\u00a0senador lembrou que o presidente tem dito que quem trata da economia no seu governo \u00e9 o ministro Paulo Guedes. \u201cEle tem humildade de falar isso como presidente da Rep\u00fablica para mostrar para a na\u00e7\u00e3o brasileira, como l\u00edder da nossa na\u00e7\u00e3o, que ele delegou essa atribui\u00e7\u00e3o ao ministro da Economia, que tem todo nosso respeito, nosso reconhecimento e a nossa admira\u00e7\u00e3o\u201d, afirmou.<\/p>\n<h2>C\u00e2mara<\/h2>\n<p>Ontem\u00a0(25), ap\u00f3s acordo de l\u00edderes, o presidente da C\u00e2mara, Rodrigo Maia (DEM-RJ),\u00a0anunciou os nomes\u00a0de Marcelo Ramos para presidir a comiss\u00e3o especial que analisar\u00e1 a reforma da Previd\u00eancia e Samuel Moreira (PSDB-SP) para a relatoria do parecer. A comiss\u00e3o especial foi instalada nessa quinta-feira. A primeira sess\u00e3o do colegiado ser\u00e1 no dia\u00a07 de maio.<\/p>\n<p>&nbsp;<\/p>\n<p>Fonte: Ag\u00eancia Brasil<\/p>\n","protected":false},"excerpt":{"rendered":"<p>O presidente do Senado, Davi Alcolumbre (DEM-AP), disse nesta sexta-feira, 26, que o Congresso Nacional vai aprovar uma reforma da Previd\u00eancia capaz de equilibrar as contas p\u00fablicas do pa\u00eds e\u00a0gerar mais emprego e renda. \u201cH\u00e1, sim, na reforma, pontos em que h\u00e1 certa diverg\u00eancia entre deputados e senadores. \u00c9 natural da democracia, vamos debater. N\u00f3s [&hellip;]<\/p>\n","protected":false},"author":96,"featured_media":139049,"comment_status":"closed","ping_status":"closed","sticky":false,"template":"","format":"standard","meta":{"footnotes":""},"categories":[436,262,254,439],"tags":[],"class_list":["post-139047","post","type-post","status-publish","format-standard","has-post-thumbnail","hentry","category-destaque-da-semana","category-noticias","category-politica","category-ultima-hora"],"_links":{"self":[{"href":"https:\/\/diarioregionaldigital.com.br\/index.php?rest_route=\/wp\/v2\/posts\/139047","targetHints":{"allow":["GET"]}}],"collection":[{"href":"https:\/\/diarioregionaldigital.com.br\/index.php?rest_route=\/wp\/v2\/posts"}],"about":[{"href":"https:\/\/diarioregionaldigital.com.br\/index.php?rest_route=\/wp\/v2\/types\/post"}],"author":[{"embeddable":true,"href":"https:\/\/diarioregionaldigital.com.br\/index.php?rest_route=\/wp\/v2\/users\/96"}],"replies":[{"embeddable":true,"href":"https:\/\/diarioregionaldigital.com.br\/index.php?rest_route=%2Fwp%2Fv2%2Fcomments&post=139047"}],"version-history":[{"count":0,"href":"https:\/\/diarioregionaldigital.com.br\/index.php?rest_route=\/wp\/v2\/posts\/139047\/revisions"}],"wp:featuredmedia":[{"embeddable":true,"href":"https:\/\/diarioregionaldigital.com.br\/index.php?rest_route=\/wp\/v2\/media\/139049"}],"wp:attachment":[{"href":"https:\/\/diarioregionaldigital.com.br\/index.php?rest_route=%2Fwp%2Fv2%2Fmedia&parent=139047"}],"wp:term":[{"taxonomy":"category","embeddable":true,"href":"https:\/\/diarioregionaldigital.com.br\/index.php?rest_route=%2Fwp%2Fv2%2Fcategories&post=139047"},{"taxonomy":"post_tag","embeddable":true,"href":"https:\/\/diarioregionaldigital.com.br\/index.php?rest_route=%2Fwp%2Fv2%2Ftags&post=139047"}],"curies":[{"name":"wp","href":"https:\/\/api.w.org\/{rel}","templated":true}]}}