{"id":139037,"date":"2019-04-26T15:22:11","date_gmt":"2019-04-26T18:22:11","guid":{"rendered":"https:\/\/diarioregionaldigital.com.br\/?p=139037"},"modified":"2019-04-26T15:22:11","modified_gmt":"2019-04-26T18:22:11","slug":"bolsonaro-autoriza-estudo-para-privatizacao-dos-correios","status":"publish","type":"post","link":"https:\/\/diarioregionaldigital.com.br\/?p=139037","title":{"rendered":"Bolsonaro autoriza estudo para privatiza\u00e7\u00e3o dos Correios"},"content":{"rendered":"<p>O presidente Jair Bolsonaro autorizou a realiza\u00e7\u00e3o de estudos para a privatiza\u00e7\u00e3o dos Correios. A informa\u00e7\u00e3o foi confirmada em publica\u00e7\u00e3o no Twitter. Bolsonaro lembrou ainda os casos e as suspeitas de irregularidades que envolveram a estatal.<\/p>\n<p>\u201cDemos OK para estudo da privatiza\u00e7\u00e3o dos Correios. Temos que rememorar para a popula\u00e7\u00e3o o seu fundo de pens\u00e3o. A empresa foi o in\u00edcio do foco de corrup\u00e7\u00e3o com o mensal\u00e3o, deflagrando o governo mais corrupto da hist\u00f3ria. Com o Foro de SP destru\u00edram tudo nome da P\u00e1tria Bolivariana\u201d, escreveu o presidente.<\/p>\n<p>Durante a campanha eleitoral, Bolsonaro j\u00e1 sinalizava que a empresa poderia ser privatizada devido aos preju\u00edzos.<\/p>\n<p>Com 356 anos de exist\u00eancia, a Empresa Brasileira de Correios e Tel\u00e9grafos \u00e9 subordinada\u00a0<span id=\"OBJ_PREFIX_DWT415_com_zimbra_date\" role=\"link\">hoje<\/span>\u00a0ao Minist\u00e9rio das Comunica\u00e7\u00f5es, Ci\u00eancia, Tecnologia e Inova\u00e7\u00e3o. Ap\u00f3s\u00a0preju\u00edzos registrados entre 2103 e 2016, a estatal registrou lucro de R$ 161 milh\u00f5es em 2018 e de R$ 667,3 milh\u00f5es em 2017.<\/p>\n<p>A recupera\u00e7\u00e3o financeira ocorreu ap\u00f3s\u00a0lan\u00e7amento de a\u00e7\u00f5es da empresa como renegocia\u00e7\u00e3o de d\u00edvidas, revis\u00e3o de contratos, redu\u00e7\u00e3o de custos com pessoal,\u00a0mudan\u00e7as na rede de atendimento\u00a0e\u00a0cobran\u00e7a de novas taxas.<\/p>\n<p>&nbsp;<\/p>\n<p>Fonte: Ag\u00eancia Brasil<\/p>\n","protected":false},"excerpt":{"rendered":"<p>O presidente Jair Bolsonaro autorizou a realiza\u00e7\u00e3o de estudos para a privatiza\u00e7\u00e3o dos Correios. A informa\u00e7\u00e3o foi confirmada em publica\u00e7\u00e3o no Twitter. Bolsonaro lembrou ainda os casos e as suspeitas de irregularidades que envolveram a estatal. \u201cDemos OK para estudo da privatiza\u00e7\u00e3o dos Correios. Temos que rememorar para a popula\u00e7\u00e3o o seu fundo de pens\u00e3o. [&hellip;]<\/p>\n","protected":false},"author":96,"featured_media":139039,"comment_status":"closed","ping_status":"closed","sticky":false,"template":"","format":"standard","meta":{"footnotes":""},"categories":[436,262,254,439],"tags":[],"class_list":["post-139037","post","type-post","status-publish","format-standard","has-post-thumbnail","hentry","category-destaque-da-semana","category-noticias","category-politica","category-ultima-hora"],"_links":{"self":[{"href":"https:\/\/diarioregionaldigital.com.br\/index.php?rest_route=\/wp\/v2\/posts\/139037","targetHints":{"allow":["GET"]}}],"collection":[{"href":"https:\/\/diarioregionaldigital.com.br\/index.php?rest_route=\/wp\/v2\/posts"}],"about":[{"href":"https:\/\/diarioregionaldigital.com.br\/index.php?rest_route=\/wp\/v2\/types\/post"}],"author":[{"embeddable":true,"href":"https:\/\/diarioregionaldigital.com.br\/index.php?rest_route=\/wp\/v2\/users\/96"}],"replies":[{"embeddable":true,"href":"https:\/\/diarioregionaldigital.com.br\/index.php?rest_route=%2Fwp%2Fv2%2Fcomments&post=139037"}],"version-history":[{"count":0,"href":"https:\/\/diarioregionaldigital.com.br\/index.php?rest_route=\/wp\/v2\/posts\/139037\/revisions"}],"wp:featuredmedia":[{"embeddable":true,"href":"https:\/\/diarioregionaldigital.com.br\/index.php?rest_route=\/wp\/v2\/media\/139039"}],"wp:attachment":[{"href":"https:\/\/diarioregionaldigital.com.br\/index.php?rest_route=%2Fwp%2Fv2%2Fmedia&parent=139037"}],"wp:term":[{"taxonomy":"category","embeddable":true,"href":"https:\/\/diarioregionaldigital.com.br\/index.php?rest_route=%2Fwp%2Fv2%2Fcategories&post=139037"},{"taxonomy":"post_tag","embeddable":true,"href":"https:\/\/diarioregionaldigital.com.br\/index.php?rest_route=%2Fwp%2Fv2%2Ftags&post=139037"}],"curies":[{"name":"wp","href":"https:\/\/api.w.org\/{rel}","templated":true}]}}