{"id":139032,"date":"2019-04-26T14:25:23","date_gmt":"2019-04-26T17:25:23","guid":{"rendered":"https:\/\/diarioregionaldigital.com.br\/?p=139032"},"modified":"2019-04-26T14:25:23","modified_gmt":"2019-04-26T17:25:23","slug":"divida-publica-federal-sobe-115-em-marco","status":"publish","type":"post","link":"https:\/\/diarioregionaldigital.com.br\/?p=139032","title":{"rendered":"D\u00edvida P\u00fablica Federal sobe 1,15% em mar\u00e7o"},"content":{"rendered":"<p>A D\u00edvida P\u00fablica Federal (DPF) \u2013 que inclui o endividamento interno e externo do Brasil \u2013 aumentou 1,15%, em termos nominais, em mar\u00e7o, na compara\u00e7\u00e3o com fevereiro deste ano, informou hoje (26) a Secretaria do Tesouro Nacional (STN) do Minist\u00e9rio da Economia.<\/p>\n<p>O estoque da d\u00edvida chegou a R$ 3,873 trilh\u00f5es, no m\u00eas passado. O aumento ocorreu devido \u00e0 emiss\u00e3o l\u00edquida (mais emiss\u00f5es do que resgates de t\u00edtulos pelos investidores), no valor de R$ 8,7 bilh\u00f5es, e pela apropria\u00e7\u00e3o positiva de juros (quando os juros da d\u00edvida s\u00e3o incorporados ao total m\u00eas a m\u00eas), no valor de R$ 35,72 bilh\u00f5es.<\/p>\n<p>A D\u00edvida P\u00fablica Mobili\u00e1ria Federal interna (DPMFi), que \u00e9 a parte da d\u00edvida p\u00fablica no mercado interno, teve o estoque ampliado em 0,87% em mar\u00e7o comparado a fevereiro e chegou a R$ 3,764 trilh\u00f5es.<\/p>\n<h2>Mercado externo<\/h2>\n<p>O estoque da D\u00edvida P\u00fablica Federal Externa (DPFe), captada do mercado internacional, apresentou aumento de 8,3%, passando de R$ 141,92 bilh\u00f5es para R$ 153,7 bilh\u00f5es entre fevereiro e mar\u00e7o deste ano.<\/p>\n<p>A varia\u00e7\u00e3o do endividamento do Tesouro pode ocorrer por meio da oferta de t\u00edtulos p\u00fablicos em leil\u00f5es pela internet (Tesouro Direto) ou pela emiss\u00e3o direta.<\/p>\n<p>Al\u00e9m disso, pode ocorrer assinatura de contratos de empr\u00e9stimo para o Tesouro, tomado de uma institui\u00e7\u00e3o ou de um banco de fomento, destinado a financiar o desenvolvimento de uma determinada regi\u00e3o. A redu\u00e7\u00e3o do endividamento se d\u00e1, por exemplo, pelo resgate de t\u00edtulos.<\/p>\n<p>Neste ano, a D\u00edvida P\u00fablica Federal (DPF) dever\u00e1 ficar entre R$ 4,1 trilh\u00f5es e R$ 4,3 trilh\u00f5es, segundo o Plano Anual de Financiamento (PAF) da d\u00edvida p\u00fablica em 2019.<\/p>\n<p>Os fundos de investimento seguem como principais detentores da D\u00edvida P\u00fablica Federal, com 27,24% de participa\u00e7\u00e3o no estoque. Os fundos de previd\u00eancia (24,15%) e as institui\u00e7\u00f5es financeiras (22,33%) aparecem em seguida, na lista de detentores da d\u00edvida.<\/p>\n<p>Fonte: Ag\u00eancia Brasil<\/p>\n","protected":false},"excerpt":{"rendered":"<p>A D\u00edvida P\u00fablica Federal (DPF) \u2013 que inclui o endividamento interno e externo do Brasil \u2013 aumentou 1,15%, em termos nominais, em mar\u00e7o, na compara\u00e7\u00e3o com fevereiro deste ano, informou hoje (26) a Secretaria do Tesouro Nacional (STN) do Minist\u00e9rio da Economia. O estoque da d\u00edvida chegou a R$ 3,873 trilh\u00f5es, no m\u00eas passado. O [&hellip;]<\/p>\n","protected":false},"author":96,"featured_media":136784,"comment_status":"closed","ping_status":"closed","sticky":false,"template":"","format":"standard","meta":{"footnotes":""},"categories":[436,261,439],"tags":[],"class_list":["post-139032","post","type-post","status-publish","format-standard","has-post-thumbnail","hentry","category-destaque-da-semana","category-economia","category-ultima-hora"],"_links":{"self":[{"href":"https:\/\/diarioregionaldigital.com.br\/index.php?rest_route=\/wp\/v2\/posts\/139032","targetHints":{"allow":["GET"]}}],"collection":[{"href":"https:\/\/diarioregionaldigital.com.br\/index.php?rest_route=\/wp\/v2\/posts"}],"about":[{"href":"https:\/\/diarioregionaldigital.com.br\/index.php?rest_route=\/wp\/v2\/types\/post"}],"author":[{"embeddable":true,"href":"https:\/\/diarioregionaldigital.com.br\/index.php?rest_route=\/wp\/v2\/users\/96"}],"replies":[{"embeddable":true,"href":"https:\/\/diarioregionaldigital.com.br\/index.php?rest_route=%2Fwp%2Fv2%2Fcomments&post=139032"}],"version-history":[{"count":0,"href":"https:\/\/diarioregionaldigital.com.br\/index.php?rest_route=\/wp\/v2\/posts\/139032\/revisions"}],"wp:featuredmedia":[{"embeddable":true,"href":"https:\/\/diarioregionaldigital.com.br\/index.php?rest_route=\/wp\/v2\/media\/136784"}],"wp:attachment":[{"href":"https:\/\/diarioregionaldigital.com.br\/index.php?rest_route=%2Fwp%2Fv2%2Fmedia&parent=139032"}],"wp:term":[{"taxonomy":"category","embeddable":true,"href":"https:\/\/diarioregionaldigital.com.br\/index.php?rest_route=%2Fwp%2Fv2%2Fcategories&post=139032"},{"taxonomy":"post_tag","embeddable":true,"href":"https:\/\/diarioregionaldigital.com.br\/index.php?rest_route=%2Fwp%2Fv2%2Ftags&post=139032"}],"curies":[{"name":"wp","href":"https:\/\/api.w.org\/{rel}","templated":true}]}}