{"id":139025,"date":"2019-04-28T06:00:10","date_gmt":"2019-04-28T09:00:10","guid":{"rendered":"https:\/\/diarioregionaldigital.com.br\/?p=139025"},"modified":"2019-04-26T04:18:15","modified_gmt":"2019-04-26T07:18:15","slug":"dica-esperta","status":"publish","type":"post","link":"https:\/\/diarioregionaldigital.com.br\/?p=139025","title":{"rendered":"Dica Esperta"},"content":{"rendered":"<p style=\"text-align: center;\"><strong>Dica Esperta<\/strong><\/p>\n<p style=\"text-align: center;\">Vai bombar no dia 28 de junho, no Terrazzo, o super show Ra\u00e7a Negra e Amigos II. No palco Glicose, Samba de Colher e DJ Barney. A realiza\u00e7\u00e3o em Juiz de Fora \u00e9 de Via Brasil e KinFest. As vendas est\u00e3o a todo vapor no Zine Cultural, Shopping da Tecnologia e Pluri Bistr\u00f4.<\/p>\n<p style=\"text-align: center;\"><strong>Serra da Moeda<\/strong><\/p>\n<p style=\"text-align: center;\">No domingo de P\u00e1scoa, cerca de 3.000 pessoa foram ao 12\u00ba Abrace a Serra da Moeda, no Topo do Mundo, em Brumadinho, na regi\u00e3o metropolitana de BH. Diferentemente das edi\u00e7\u00f5es anteriores, em que os participantes usaram camisa branca, desta vez a cor preta foi escolhida pelos organizadores para simbolizar o luto pelas v\u00edtimas do rompimento da barragem na cidade, ocorrido em 25 de janeiro.<\/p>\n<p style=\"text-align: center;\"><strong>Bola Branca<\/strong><\/p>\n<p style=\"text-align: center;\">Para o \u201cJF Paral\u00edmpico\u201d que \u00e9 um programa da Secretaria de Esporte e Lazer (Sel) da PJF. O objetivo \u00e9 buscar a melhoria da qualidade de vida, levando bem-estar f\u00edsico e socializa\u00e7\u00e3o para os participantes.<\/p>\n<p style=\"text-align: center;\"><strong>Moda Show<\/strong><\/p>\n<p style=\"text-align: center;\">Termina no domingo, 28, a s\u00e9tima edi\u00e7\u00e3o do Veste Rio. Durante a semana os armazens 2, 3 e 4 do Pier Mau\u00e1 receberam cole\u00e7\u00f5es de ver\u00e3o 2020, palestras, oficinas de moda e beleza e outlet abertos ao p\u00fablico. O sal\u00e3o de neg\u00f3cios recebeu compradores nacionais e internacionais e brilha com marcas carioqu\u00edssimas como ATEEN, Eva e Glorinha Paranagu\u00e1. As palestras debateram temas como os desafios para o varejo de moda e o processo criativo em marcas de acess\u00f3rios.<\/p>\n<p style=\"text-align: center;\"><strong>Arte<\/strong><\/p>\n<p style=\"text-align: center;\">O espa\u00e7o reitoria da UFJF est\u00e1 revestindo suas paredes com a exposi\u00e7\u00e3o France Emotion &#8211; Le Voyage Anim\u00e9. S\u00e3o bel\u00edssimas fotografias com trabalhos do beninense Ishola Akpo, do brasileiro Edu Monteiro, do americano David Schalliol, e da espanhola Lourdes Segade. Eles recebem a visita de um personagem virtual criado pelos franceses Julie Chheng e Thomas Pons, gra\u00e7as a um aplicativo m\u00f3vel de realidade aumentada.<\/p>\n<div id=\"attachment_139024\" style=\"width: 690px\" class=\"wp-caption aligncenter\"><img loading=\"lazy\" decoding=\"async\" aria-describedby=\"caption-attachment-139024\" class=\"wp-image-139024\" src=\"https:\/\/diarioregionaldigital.com.br\/wp-content\/uploads\/2019\/04\/fotoa-19.jpg\" alt=\"\" width=\"680\" height=\"430\" srcset=\"https:\/\/diarioregionaldigital.com.br\/wp-content\/uploads\/2019\/04\/fotoa-19.jpg 1716w, https:\/\/diarioregionaldigital.com.br\/wp-content\/uploads\/2019\/04\/fotoa-19-300x190.jpg 300w, https:\/\/diarioregionaldigital.com.br\/wp-content\/uploads\/2019\/04\/fotoa-19-768x486.jpg 768w, https:\/\/diarioregionaldigital.com.br\/wp-content\/uploads\/2019\/04\/fotoa-19-1024x648.jpg 1024w, https:\/\/diarioregionaldigital.com.br\/wp-content\/uploads\/2019\/04\/fotoa-19-360x228.jpg 360w, https:\/\/diarioregionaldigital.com.br\/wp-content\/uploads\/2019\/04\/fotoa-19-490x310.jpg 490w\" sizes=\"auto, (max-width: 680px) 100vw, 680px\" \/><p id=\"caption-attachment-139024\" class=\"wp-caption-text\">Com produ\u00e7\u00e3o de Diley Almeida e fotografia do mega Johnny Pio, destacamos os belos Miss Juiz de Fora 2019, Luisa Rocha, e Mister Juiz de Fora 2019, Marcelo Almeida<\/p><\/div>\n<div id=\"attachment_139014\" style=\"width: 690px\" class=\"wp-caption aligncenter\"><img loading=\"lazy\" decoding=\"async\" aria-describedby=\"caption-attachment-139014\" class=\"wp-image-139014\" src=\"https:\/\/diarioregionaldigital.com.br\/wp-content\/uploads\/2019\/04\/fotob-19.jpg\" alt=\"\" width=\"680\" height=\"507\" srcset=\"https:\/\/diarioregionaldigital.com.br\/wp-content\/uploads\/2019\/04\/fotob-19.jpg 1578w, https:\/\/diarioregionaldigital.com.br\/wp-content\/uploads\/2019\/04\/fotob-19-300x224.jpg 300w, https:\/\/diarioregionaldigital.com.br\/wp-content\/uploads\/2019\/04\/fotob-19-768x572.jpg 768w, https:\/\/diarioregionaldigital.com.br\/wp-content\/uploads\/2019\/04\/fotob-19-1024x763.jpg 1024w, https:\/\/diarioregionaldigital.com.br\/wp-content\/uploads\/2019\/04\/fotob-19-360x268.jpg 360w\" sizes=\"auto, (max-width: 680px) 100vw, 680px\" \/><p id=\"caption-attachment-139014\" class=\"wp-caption-text\">Fam\u00edlia d\u00f3-r\u00e9-mi com Gustavo Costa, Valqu\u00edria Almeida, Gustavinho e Isadora<\/p><\/div>\n<div id=\"attachment_139015\" style=\"width: 690px\" class=\"wp-caption aligncenter\"><img loading=\"lazy\" decoding=\"async\" aria-describedby=\"caption-attachment-139015\" class=\"wp-image-139015\" src=\"https:\/\/diarioregionaldigital.com.br\/wp-content\/uploads\/2019\/04\/fotoc-19-e1556260210857.jpg\" alt=\"\" width=\"680\" height=\"476\" srcset=\"https:\/\/diarioregionaldigital.com.br\/wp-content\/uploads\/2019\/04\/fotoc-19-e1556260210857.jpg 1494w, https:\/\/diarioregionaldigital.com.br\/wp-content\/uploads\/2019\/04\/fotoc-19-e1556260210857-300x210.jpg 300w, https:\/\/diarioregionaldigital.com.br\/wp-content\/uploads\/2019\/04\/fotoc-19-e1556260210857-768x537.jpg 768w, https:\/\/diarioregionaldigital.com.br\/wp-content\/uploads\/2019\/04\/fotoc-19-e1556260210857-1024x716.jpg 1024w, https:\/\/diarioregionaldigital.com.br\/wp-content\/uploads\/2019\/04\/fotoc-19-e1556260210857-360x252.jpg 360w, https:\/\/diarioregionaldigital.com.br\/wp-content\/uploads\/2019\/04\/fotoc-19-e1556260210857-100x70.jpg 100w\" sizes=\"auto, (max-width: 680px) 100vw, 680px\" \/><p id=\"caption-attachment-139015\" class=\"wp-caption-text\">No Itanhang\u00e1 Golf &amp; Clube no Rio, os amigos Divaldo Fernandes, Eduardo Gomes, Jo\u00e3o Paulo Braga, Pedro Ivo e Carlos Henrique Batitucci<\/p><\/div>\n<div id=\"attachment_139016\" style=\"width: 690px\" class=\"wp-caption aligncenter\"><img loading=\"lazy\" decoding=\"async\" aria-describedby=\"caption-attachment-139016\" class=\"wp-image-139016\" src=\"https:\/\/diarioregionaldigital.com.br\/wp-content\/uploads\/2019\/04\/fotod-12-e1556260230328.jpg\" alt=\"\" width=\"680\" height=\"497\" srcset=\"https:\/\/diarioregionaldigital.com.br\/wp-content\/uploads\/2019\/04\/fotod-12-e1556260230328.jpg 1164w, https:\/\/diarioregionaldigital.com.br\/wp-content\/uploads\/2019\/04\/fotod-12-e1556260230328-300x219.jpg 300w, https:\/\/diarioregionaldigital.com.br\/wp-content\/uploads\/2019\/04\/fotod-12-e1556260230328-768x561.jpg 768w, https:\/\/diarioregionaldigital.com.br\/wp-content\/uploads\/2019\/04\/fotod-12-e1556260230328-1024x749.jpg 1024w, https:\/\/diarioregionaldigital.com.br\/wp-content\/uploads\/2019\/04\/fotod-12-e1556260230328-360x263.jpg 360w\" sizes=\"auto, (max-width: 680px) 100vw, 680px\" \/><p id=\"caption-attachment-139016\" class=\"wp-caption-text\">No Clube D.Pedro II, as locomotivas, Wanda Magnolo, Ivete Gomes, M\u00e1rcia Fu e Margareth Brito (aniversariando)<\/p><\/div>\n<div id=\"attachment_139018\" style=\"width: 690px\" class=\"wp-caption aligncenter\"><img loading=\"lazy\" decoding=\"async\" aria-describedby=\"caption-attachment-139018\" class=\"wp-image-139018\" src=\"https:\/\/diarioregionaldigital.com.br\/wp-content\/uploads\/2019\/04\/fotof-17-e1556260289631.jpg\" alt=\"\" width=\"680\" height=\"520\" srcset=\"https:\/\/diarioregionaldigital.com.br\/wp-content\/uploads\/2019\/04\/fotof-17-e1556260289631.jpg 1159w, https:\/\/diarioregionaldigital.com.br\/wp-content\/uploads\/2019\/04\/fotof-17-e1556260289631-300x229.jpg 300w, https:\/\/diarioregionaldigital.com.br\/wp-content\/uploads\/2019\/04\/fotof-17-e1556260289631-768x587.jpg 768w, https:\/\/diarioregionaldigital.com.br\/wp-content\/uploads\/2019\/04\/fotof-17-e1556260289631-1024x783.jpg 1024w, https:\/\/diarioregionaldigital.com.br\/wp-content\/uploads\/2019\/04\/fotof-17-e1556260289631-360x275.jpg 360w\" sizes=\"auto, (max-width: 680px) 100vw, 680px\" \/><p id=\"caption-attachment-139018\" class=\"wp-caption-text\">As belas de domingo na Sublime, Renata Monteiro e Aline Mendes Keidel (Sal\u00e3o MS)<\/p><\/div>\n<div id=\"attachment_139019\" style=\"width: 690px\" class=\"wp-caption aligncenter\"><img loading=\"lazy\" decoding=\"async\" aria-describedby=\"caption-attachment-139019\" class=\"wp-image-139019\" src=\"https:\/\/diarioregionaldigital.com.br\/wp-content\/uploads\/2019\/04\/fotog-17.jpg\" alt=\"\" width=\"680\" height=\"503\" srcset=\"https:\/\/diarioregionaldigital.com.br\/wp-content\/uploads\/2019\/04\/fotog-17.jpg 1584w, https:\/\/diarioregionaldigital.com.br\/wp-content\/uploads\/2019\/04\/fotog-17-300x222.jpg 300w, https:\/\/diarioregionaldigital.com.br\/wp-content\/uploads\/2019\/04\/fotog-17-768x568.jpg 768w, https:\/\/diarioregionaldigital.com.br\/wp-content\/uploads\/2019\/04\/fotog-17-1024x758.jpg 1024w, https:\/\/diarioregionaldigital.com.br\/wp-content\/uploads\/2019\/04\/fotog-17-360x266.jpg 360w\" sizes=\"auto, (max-width: 680px) 100vw, 680px\" \/><p id=\"caption-attachment-139019\" class=\"wp-caption-text\">No sofisticado almo\u00e7o do Le Caprese, Fabi\u00fala Holler Mendes e S\u00e9rgio Mendes<\/p><\/div>\n<div id=\"attachment_139020\" style=\"width: 690px\" class=\"wp-caption aligncenter\"><img loading=\"lazy\" decoding=\"async\" aria-describedby=\"caption-attachment-139020\" class=\"wp-image-139020\" src=\"https:\/\/diarioregionaldigital.com.br\/wp-content\/uploads\/2019\/04\/fotoh-13-e1556263009637.jpg\" alt=\"\" width=\"680\" height=\"594\" srcset=\"https:\/\/diarioregionaldigital.com.br\/wp-content\/uploads\/2019\/04\/fotoh-13-e1556263009637.jpg 1161w, https:\/\/diarioregionaldigital.com.br\/wp-content\/uploads\/2019\/04\/fotoh-13-e1556263009637-300x262.jpg 300w, https:\/\/diarioregionaldigital.com.br\/wp-content\/uploads\/2019\/04\/fotoh-13-e1556263009637-768x671.jpg 768w, https:\/\/diarioregionaldigital.com.br\/wp-content\/uploads\/2019\/04\/fotoh-13-e1556263009637-1024x895.jpg 1024w, https:\/\/diarioregionaldigital.com.br\/wp-content\/uploads\/2019\/04\/fotoh-13-e1556263009637-360x315.jpg 360w\" sizes=\"auto, (max-width: 680px) 100vw, 680px\" \/><p id=\"caption-attachment-139020\" class=\"wp-caption-text\">Curtindo a natureza, as queridas Marcella e Marcinha Falabella<\/p><\/div>\n<div id=\"attachment_139021\" style=\"width: 690px\" class=\"wp-caption aligncenter\"><img loading=\"lazy\" decoding=\"async\" aria-describedby=\"caption-attachment-139021\" class=\"wp-image-139021\" src=\"https:\/\/diarioregionaldigital.com.br\/wp-content\/uploads\/2019\/04\/fotoi-8.jpg\" alt=\"\" width=\"680\" height=\"405\" srcset=\"https:\/\/diarioregionaldigital.com.br\/wp-content\/uploads\/2019\/04\/fotoi-8.jpg 1764w, https:\/\/diarioregionaldigital.com.br\/wp-content\/uploads\/2019\/04\/fotoi-8-300x179.jpg 300w, https:\/\/diarioregionaldigital.com.br\/wp-content\/uploads\/2019\/04\/fotoi-8-768x457.jpg 768w, https:\/\/diarioregionaldigital.com.br\/wp-content\/uploads\/2019\/04\/fotoi-8-1024x610.jpg 1024w, https:\/\/diarioregionaldigital.com.br\/wp-content\/uploads\/2019\/04\/fotoi-8-360x214.jpg 360w\" sizes=\"auto, (max-width: 680px) 100vw, 680px\" \/><p id=\"caption-attachment-139021\" class=\"wp-caption-text\">Alegrando nosso domingo na Juventude Imperial, Dani Verpel, Regina Ferreira, Arthur Carlos Ferreira Chillis (mascote desta coluna) e Ivanir Ferreira<\/p><\/div>\n<div id=\"attachment_139022\" style=\"width: 690px\" class=\"wp-caption aligncenter\"><img loading=\"lazy\" decoding=\"async\" aria-describedby=\"caption-attachment-139022\" class=\"wp-image-139022\" src=\"https:\/\/diarioregionaldigital.com.br\/wp-content\/uploads\/2019\/04\/fotoj-6.jpg\" alt=\"\" width=\"680\" height=\"451\" srcset=\"https:\/\/diarioregionaldigital.com.br\/wp-content\/uploads\/2019\/04\/fotoj-6.jpg 1764w, https:\/\/diarioregionaldigital.com.br\/wp-content\/uploads\/2019\/04\/fotoj-6-300x199.jpg 300w, https:\/\/diarioregionaldigital.com.br\/wp-content\/uploads\/2019\/04\/fotoj-6-768x509.jpg 768w, https:\/\/diarioregionaldigital.com.br\/wp-content\/uploads\/2019\/04\/fotoj-6-1024x679.jpg 1024w, https:\/\/diarioregionaldigital.com.br\/wp-content\/uploads\/2019\/04\/fotoj-6-360x239.jpg 360w\" sizes=\"auto, (max-width: 680px) 100vw, 680px\" \/><p id=\"caption-attachment-139022\" class=\"wp-caption-text\">Curtindo o outono em plena sintonia, o bonito casal Amanda Mayara e Rafael Jannuzzi<\/p><\/div>\n<div id=\"attachment_139017\" style=\"width: 690px\" class=\"wp-caption aligncenter\"><img loading=\"lazy\" decoding=\"async\" aria-describedby=\"caption-attachment-139017\" class=\"wp-image-139017\" src=\"https:\/\/diarioregionaldigital.com.br\/wp-content\/uploads\/2019\/04\/fotoe-15-e1556260266394.jpg\" alt=\"\" width=\"680\" height=\"728\" srcset=\"https:\/\/diarioregionaldigital.com.br\/wp-content\/uploads\/2019\/04\/fotoe-15-e1556260266394.jpg 1181w, https:\/\/diarioregionaldigital.com.br\/wp-content\/uploads\/2019\/04\/fotoe-15-e1556260266394-280x300.jpg 280w, https:\/\/diarioregionaldigital.com.br\/wp-content\/uploads\/2019\/04\/fotoe-15-e1556260266394-768x823.jpg 768w, https:\/\/diarioregionaldigital.com.br\/wp-content\/uploads\/2019\/04\/fotoe-15-e1556260266394-956x1024.jpg 956w, https:\/\/diarioregionaldigital.com.br\/wp-content\/uploads\/2019\/04\/fotoe-15-e1556260266394-360x386.jpg 360w\" sizes=\"auto, (max-width: 680px) 100vw, 680px\" \/><p id=\"caption-attachment-139017\" class=\"wp-caption-text\">O domingo \u00e9 para os bonitos, Lucas Leonardo e Beatriz Rabelo<\/p><\/div>\n<p style=\"text-align: center;\"><strong>Fotoss\u00edntese<\/strong><\/p>\n<p>J\u00e1 est\u00e1 a todo vapor a vacina\u00e7\u00e3o para idosos com mais de 60 anos, no Departamento de Sa\u00fade do Idoso, na rua Batista de Oliveira, 943, Granbery, das 8h \u00e0s 16h30.<\/p>\n<p>Aten\u00e7\u00e3o: A presidente da Sociedade Pr\u00f3-Melhoramentos (SPM) do Alto dos Passos, Rita de C\u00e1ssia Guimar\u00e3es Pipa, e moradores cobram mais policiamento preventivo no bairro que tem muita aglomera\u00e7\u00e3o de bares.<\/p>\n<p>Digno de elogios, os juiz-foranos Isabela Conti e Matheus Mendes estiveram entre os melhores do Festival Nacional da Juventude de Xadres, disputada no Trade Hotel, em Juiz de Fora.<\/p>\n<p>Para prestigiar a pesquisadora Izabel de F\u00e1tima Cruz Melo, que fez palestra sobre a hist\u00f3ria do cinema baiano, marcaram presen\u00e7a l\u00e1 no MAAM, Doroty Marques, J\u00falio Senna, Marcelo Noronha, Maristela Uchi, Jo\u00e3o Pedro Salimena e Josimar Eleut\u00e9rio. Ela \u00e9 autora do livro \u201cCinema \u00e9 mais que filme\u201d.<\/p>\n<p>Dona cegonha aprontou de novo, colocou na chamin\u00e9 de Grazi Hermes e Ivan Queiroz o robusto beb\u00ea Enzo.<\/p>\n<p>Dentre os homenageados com o M\u00e9rito Legislativo ocorrido na C\u00e2mara Municipal, a bonita jornalista doutora em comunica\u00e7\u00e3o pela UERJ, Fernanda Nalon Sanglard. Aplausos.<\/p>\n<p>Quem foi e viu, volta encantado com o Jardim Bot\u00e2nico de Juiz de Fora. Ponto para a UFJF.<\/p>\n<p>Olha s\u00f3: a exposi\u00e7\u00e3o no Espa\u00e7o Cultural Correios apresentando os projetos desenvolvidos por alunos da UFJF para as ruas Marechal Deodoro e Batista de Oliveira recebe visitantes para votar no melhor projeto. At\u00e9 30 de abril.<\/p>\n<p>Para uns e outros aviso: para ser Miss ou Mister tem que ter rosto bonito, corpo perfeito, eleg\u00e2ncia e principalmente educa\u00e7\u00e3o. O espelho desta coluna \u00e9 a Miss Brasil 2019 Julia Horta e o Mr. Universo Gustavo Gianetti.<\/p>\n<p>Para dominar: \u201cSe correr o bicho pega, se ficar o bicho come. Ent\u00e3o, procure voar\u201d. Bom dia.<\/p>\n<p><img loading=\"lazy\" decoding=\"async\" class=\"aligncenter size-full wp-image-139023\" src=\"https:\/\/diarioregionaldigital.com.br\/wp-content\/uploads\/2019\/04\/anuncio-3.jpg\" alt=\"\" width=\"1745\" height=\"563\" srcset=\"https:\/\/diarioregionaldigital.com.br\/wp-content\/uploads\/2019\/04\/anuncio-3.jpg 1745w, https:\/\/diarioregionaldigital.com.br\/wp-content\/uploads\/2019\/04\/anuncio-3-300x97.jpg 300w, https:\/\/diarioregionaldigital.com.br\/wp-content\/uploads\/2019\/04\/anuncio-3-768x248.jpg 768w, https:\/\/diarioregionaldigital.com.br\/wp-content\/uploads\/2019\/04\/anuncio-3-1024x330.jpg 1024w, https:\/\/diarioregionaldigital.com.br\/wp-content\/uploads\/2019\/04\/anuncio-3-360x116.jpg 360w\" sizes=\"auto, (max-width: 1745px) 100vw, 1745px\" \/><\/p>\n","protected":false},"excerpt":{"rendered":"<p>Dica Esperta Vai bombar no dia 28 de junho, no Terrazzo, o super show Ra\u00e7a Negra e Amigos II. No palco Glicose, Samba de Colher e DJ Barney. A realiza\u00e7\u00e3o em Juiz de Fora \u00e9 de Via Brasil e KinFest. As vendas est\u00e3o a todo vapor no Zine Cultural, Shopping da Tecnologia e Pluri Bistr\u00f4. [&hellip;]<\/p>\n","protected":false},"author":96,"featured_media":139024,"comment_status":"closed","ping_status":"closed","sticky":false,"template":"","format":"standard","meta":{"footnotes":""},"categories":[264],"tags":[],"class_list":["post-139025","post","type-post","status-publish","format-standard","has-post-thumbnail","hentry","category-eduardo-gomes"],"_links":{"self":[{"href":"https:\/\/diarioregionaldigital.com.br\/index.php?rest_route=\/wp\/v2\/posts\/139025","targetHints":{"allow":["GET"]}}],"collection":[{"href":"https:\/\/diarioregionaldigital.com.br\/index.php?rest_route=\/wp\/v2\/posts"}],"about":[{"href":"https:\/\/diarioregionaldigital.com.br\/index.php?rest_route=\/wp\/v2\/types\/post"}],"author":[{"embeddable":true,"href":"https:\/\/diarioregionaldigital.com.br\/index.php?rest_route=\/wp\/v2\/users\/96"}],"replies":[{"embeddable":true,"href":"https:\/\/diarioregionaldigital.com.br\/index.php?rest_route=%2Fwp%2Fv2%2Fcomments&post=139025"}],"version-history":[{"count":0,"href":"https:\/\/diarioregionaldigital.com.br\/index.php?rest_route=\/wp\/v2\/posts\/139025\/revisions"}],"wp:featuredmedia":[{"embeddable":true,"href":"https:\/\/diarioregionaldigital.com.br\/index.php?rest_route=\/wp\/v2\/media\/139024"}],"wp:attachment":[{"href":"https:\/\/diarioregionaldigital.com.br\/index.php?rest_route=%2Fwp%2Fv2%2Fmedia&parent=139025"}],"wp:term":[{"taxonomy":"category","embeddable":true,"href":"https:\/\/diarioregionaldigital.com.br\/index.php?rest_route=%2Fwp%2Fv2%2Fcategories&post=139025"},{"taxonomy":"post_tag","embeddable":true,"href":"https:\/\/diarioregionaldigital.com.br\/index.php?rest_route=%2Fwp%2Fv2%2Ftags&post=139025"}],"curies":[{"name":"wp","href":"https:\/\/api.w.org\/{rel}","templated":true}]}}