{"id":138969,"date":"2019-04-28T05:58:42","date_gmt":"2019-04-28T08:58:42","guid":{"rendered":"https:\/\/diarioregionaldigital.com.br\/?p=138969"},"modified":"2019-04-25T20:31:03","modified_gmt":"2019-04-25T23:31:03","slug":"bota-fora-irregulares-geram-custo-de-mais-de-13-milhao-por-ano-aos-cofres-publicos","status":"publish","type":"post","link":"https:\/\/diarioregionaldigital.com.br\/?p=138969","title":{"rendered":"Bota-fora irregulares geram custo de mais de 1,3 milh\u00e3o por ano aos cofres p\u00fablicos"},"content":{"rendered":"<p>Restos de obras, peda\u00e7os de madeira e m\u00f3veis, eletrodom\u00e9sticos inserv\u00edveis, terra, brita e diversos outros tipos de objetos v\u00eam sendo descartados irregularmente pela popula\u00e7\u00e3o nas vias da cidade. O volume de material dispensado na via p\u00fablica \u00e9 t\u00e3o grande que, atualmente, o Departamento Municipal de Limpeza Urbana (Demlurb) tem mapeado cerca de 60 pontos de bota-fora irregulares espalhados por quase todos os bairros da cidade. Uma equipe fica a cargo da limpeza di\u00e1ria destes locais, que inclui a utiliza\u00e7\u00e3o de caminh\u00f5es-ca\u00e7amba e uma m\u00e1quina retroescavadeira. O resultado da falta de conscientiza\u00e7\u00e3o dos mun\u00edcipes \u00e9 um custo de R$1,3 milh\u00e3o anuais para os cofres p\u00fablicos, al\u00e9m do risco de contamina\u00e7\u00e3o e transmiss\u00e3o de doen\u00e7as, inclusive, dengue e febre amarela.<\/p>\n<p>No primeiro trimestre deste ano foram recolhidas duas mil toneladas e meia de materiais descartados irregularmente nas vias da cidade, sendo 912 toneladas em janeiro, 812 em fevereiro e 890 em mar\u00e7o. Baseada nestes dados alarmantes, a Prefeitura de Juiz de Fora (PJF) esta realizando uma campanha para alertar a popula\u00e7\u00e3o sobre o mau uso dos espa\u00e7os p\u00fablicos e os gastos gerados em decorr\u00eancia desta atitude. A Campanha\u00a0\u201cEu cuido de JF \u2013 Se \u00e9 p\u00fablico, tamb\u00e9m \u00e9 seu\u201d, realizada pelo Departamento de Marketing da Secretaria de Comunica\u00e7\u00e3o P\u00fablica (Secom) tem como objetivo conscientizar a popula\u00e7\u00e3o quanto \u00e0 necessidade do melhor cuidado com o que \u00e9 p\u00fablico.<\/p>\n<div id=\"attachment_138976\" style=\"width: 489px\" class=\"wp-caption aligncenter\"><img loading=\"lazy\" decoding=\"async\" aria-describedby=\"caption-attachment-138976\" class=\" wp-image-138976\" src=\"https:\/\/diarioregionaldigital.com.br\/wp-content\/uploads\/2019\/04\/03-FOTO-ARQUIVO-RAFAELA-FRUTUOSO-2-300x200.jpg\" alt=\"\" width=\"479\" height=\"319\" srcset=\"https:\/\/diarioregionaldigital.com.br\/wp-content\/uploads\/2019\/04\/03-FOTO-ARQUIVO-RAFAELA-FRUTUOSO-2-300x200.jpg 300w, https:\/\/diarioregionaldigital.com.br\/wp-content\/uploads\/2019\/04\/03-FOTO-ARQUIVO-RAFAELA-FRUTUOSO-2-768x512.jpg 768w, https:\/\/diarioregionaldigital.com.br\/wp-content\/uploads\/2019\/04\/03-FOTO-ARQUIVO-RAFAELA-FRUTUOSO-2-1024x683.jpg 1024w, https:\/\/diarioregionaldigital.com.br\/wp-content\/uploads\/2019\/04\/03-FOTO-ARQUIVO-RAFAELA-FRUTUOSO-2-360x240.jpg 360w\" sizes=\"auto, (max-width: 479px) 100vw, 479px\" \/><p id=\"caption-attachment-138976\" class=\"wp-caption-text\">Foto: Arquivo\/Rafaela Frutuoso<\/p><\/div>\n<p>\u201cSe cada morador descartasse corretamento o seu entulho ou material inserv\u00edvel, como determina a Lei, alugando uma ca\u00e7amba ou entregando gratuitamente nos Ecopontos, poder\u00edamos investir em equipamentos para aperfei\u00e7oar o servi\u00e7o de capina e de limpeza da cidade. Enquanto perdemos tempo e dinheiro recolhendo entulho das vias, poder\u00edamos estar capinando mais bairros e c\u00f3rregos ao mesmo tempo\u201d, exemplifica o diretor Operacional do Demlurb, Tiago Rocha.<\/p>\n<p>O C\u00f3digo de Posturas do Munic\u00edpio pro\u00edbe qualquer a\u00e7\u00e3o que provoque sujeira ou preju\u00edzo \u00e0 qualidade dos espa\u00e7os p\u00fablicos e prev\u00ea puni\u00e7\u00f5es para essas infra\u00e7\u00f5es. Caso os respons\u00e1veis por descarte irregular sejam flagrados pela fiscaliza\u00e7\u00e3o, ser\u00e3o autuados. A infra\u00e7\u00e3o \u00e9 considerada \u201cgrav\u00edssima\u201d, no valor de R$ 4.512,85. As den\u00fancias podem ser feitas nas regionais de fiscaliza\u00e7\u00e3o da Secretaria de Atividades Urbanas (SAU), pelos telefones:<\/p>\n<p><strong>Centro I<\/strong>:\u00a03690-7709<\/p>\n<p><strong>Centro II<\/strong>:\u00a03690-8379<\/p>\n<p><strong>Sul<\/strong>:\u00a03690-8304<\/p>\n<p><strong>Sudeste<\/strong>:\u00a03690-8377<\/p>\n<p><strong>Leste<\/strong>:\u00a02104-8402<\/p>\n<p><strong>Oeste<\/strong>:\u00a03690-828<\/p>\n<p><strong>Norte<\/strong>:\u00a03690-7927<\/p>\n<p><strong>Nordeste<\/strong>:\u00a03690-7883<\/p>\n<p>As irregularidades tamb\u00e9m podem ser denunciadas \u00e0 PJF por meio do aplicativo\u00a0Colab, que est\u00e1 dispon\u00edvel para ser baixado gratuitamente.<\/p>\n<p><strong>Ecopontos<\/strong><\/p>\n<p>O Demlurb possui dois ecopontos no munic\u00edpio que recebem gratuitamente restos da constru\u00e7\u00e3o civil, material recicl\u00e1vel, m\u00f3veis e eletrodom\u00e9sticos. Cada cidad\u00e3o pode entregar diariamente at\u00e9 um metro c\u00fabico de restos da constru\u00e7\u00e3o civil, o que equivale a dez embalagens de cem litros. O objetivo \u00e9 evitar que as pessoas descartem entulho irregularmente nas vias da cidade.<\/p>\n<p>Os ecopontos funcionam de segunda a sexta-feira, das 8 \u00e0s 17 horas, e aos s\u00e1bados, das 8 \u00e0s 12 horas. Um fica localizado na Rua Diva Garcia, em frente ao n\u00famero 1.200, no Bairro Linhares, e o outro, em frente ao estacionamento do Est\u00e1dio Municipal, em S\u00e3o Pedro.<\/p>\n<p>Fonte: PJF<\/p>\n","protected":false},"excerpt":{"rendered":"<p>Restos de obras, peda\u00e7os de madeira e m\u00f3veis, eletrodom\u00e9sticos inserv\u00edveis, terra, brita e diversos outros tipos de objetos v\u00eam sendo descartados irregularmente pela popula\u00e7\u00e3o nas vias da cidade. O volume de material dispensado na via p\u00fablica \u00e9 t\u00e3o grande que, atualmente, o Departamento Municipal de Limpeza Urbana (Demlurb) tem mapeado cerca de 60 pontos de [&hellip;]<\/p>\n","protected":false},"author":96,"featured_media":138972,"comment_status":"closed","ping_status":"closed","sticky":false,"template":"","format":"standard","meta":{"footnotes":""},"categories":[253,436,440,439],"tags":[],"class_list":["post-138969","post","type-post","status-publish","format-standard","has-post-thumbnail","hentry","category-cidade","category-destaque-da-semana","category-destaques-do-dia","category-ultima-hora"],"_links":{"self":[{"href":"https:\/\/diarioregionaldigital.com.br\/index.php?rest_route=\/wp\/v2\/posts\/138969","targetHints":{"allow":["GET"]}}],"collection":[{"href":"https:\/\/diarioregionaldigital.com.br\/index.php?rest_route=\/wp\/v2\/posts"}],"about":[{"href":"https:\/\/diarioregionaldigital.com.br\/index.php?rest_route=\/wp\/v2\/types\/post"}],"author":[{"embeddable":true,"href":"https:\/\/diarioregionaldigital.com.br\/index.php?rest_route=\/wp\/v2\/users\/96"}],"replies":[{"embeddable":true,"href":"https:\/\/diarioregionaldigital.com.br\/index.php?rest_route=%2Fwp%2Fv2%2Fcomments&post=138969"}],"version-history":[{"count":0,"href":"https:\/\/diarioregionaldigital.com.br\/index.php?rest_route=\/wp\/v2\/posts\/138969\/revisions"}],"wp:featuredmedia":[{"embeddable":true,"href":"https:\/\/diarioregionaldigital.com.br\/index.php?rest_route=\/wp\/v2\/media\/138972"}],"wp:attachment":[{"href":"https:\/\/diarioregionaldigital.com.br\/index.php?rest_route=%2Fwp%2Fv2%2Fmedia&parent=138969"}],"wp:term":[{"taxonomy":"category","embeddable":true,"href":"https:\/\/diarioregionaldigital.com.br\/index.php?rest_route=%2Fwp%2Fv2%2Fcategories&post=138969"},{"taxonomy":"post_tag","embeddable":true,"href":"https:\/\/diarioregionaldigital.com.br\/index.php?rest_route=%2Fwp%2Fv2%2Ftags&post=138969"}],"curies":[{"name":"wp","href":"https:\/\/api.w.org\/{rel}","templated":true}]}}