{"id":138966,"date":"2019-04-28T06:00:04","date_gmt":"2019-04-28T09:00:04","guid":{"rendered":"https:\/\/diarioregionaldigital.com.br\/?p=138966"},"modified":"2019-04-25T23:37:53","modified_gmt":"2019-04-26T02:37:53","slug":"inscricoes-para-a-olimpiada-de-lingua-portuguesa-2019-se-encerram-nesta-terca","status":"publish","type":"post","link":"https:\/\/diarioregionaldigital.com.br\/?p=138966","title":{"rendered":"Inscri\u00e7\u00f5es para a Olimp\u00edada de L\u00edngua Portuguesa 2019 se encerram nesta ter\u00e7a"},"content":{"rendered":"<p>Na pr\u00f3xima ter\u00e7a-feira, 30, terminar\u00e1 as inscri\u00e7\u00f5es para a 6\u00aa edi\u00e7\u00e3o da Olimp\u00edada de L\u00edngua Portuguesa2019, um concurso de produ\u00e7\u00e3o de textos para alunos de escolas p\u00fablicas de todo o Brasil.\u00a0Nesta edi\u00e7\u00e3o, a escritora mineira Concei\u00e7\u00e3o Evaristo \u00e9 a grande homenageada.<\/p>\n<p>A Olimp\u00edada de L\u00edngua Portuguesa \u00e9 uma iniciativa do Minist\u00e9rio da Educa\u00e7\u00e3o e do Ita\u00fa Social, com coordena\u00e7\u00e3o t\u00e9cnica do CENPEC, e integra as a\u00e7\u00f5es desenvolvidas pelo Programa Escrevendo o Futuro.<\/p>\n<p>O tema das produ\u00e7\u00f5es deste ano \u00e9 \u201cO lugar onde vivo\u201d, que tem como objetivo propiciar aos alunos estreitar v\u00ednculos com a comunidade para aprofundar o conhecimento sobre a realidade local e contribuir para o desenvolvimento de sua cidadania.<\/p>\n<p>A edi\u00e7\u00e3o deste ano traz uma novidade que \u00e9 a categoria \u201cDocument\u00e1rio\u201d, onde os alunos trabalhar\u00e3o em trio no projeto.<\/p>\n<p><strong>Quem pode participar?<\/strong><\/p>\n<p>Podem participar professores da rede p\u00fablica e os alunos do 5\u00ba ano do Ensino Fundamental at\u00e9 o 3\u00ba ano do Ensino M\u00e9dio.<\/p>\n<p><strong>Categorias<\/strong><\/p>\n<ul>\n<li>Poema (para os alunos do 5\u00b0 ano do Ensino Fundamental);<\/li>\n<li>Mem\u00f3rias liter\u00e1rias (6\u00b0 e 7\u00b0 anos do Ensino Fundamental);<\/li>\n<li>Cr\u00f4nica (8\u00b0 e 9\u00b0 anos do Ensino Fundamental);<\/li>\n<li>Document\u00e1rio (1\u00b0 e 2\u00b0 anos do Ensino M\u00e9dio);<\/li>\n<li>Artigo de opini\u00e3o (3\u00b0 ano do Ensino M\u00e9dio).<\/li>\n<\/ul>\n<p><strong>Etapas<\/strong><\/p>\n<ul>\n<li><strong>Escolar<\/strong>:\u00a0os alunos v\u00e3o ser avaliados por suas escolas e ser\u00e1 selecionado um trabalho por categoria;<\/li>\n<li><strong>Municipal<\/strong>:\u00a0ser\u00e3o selecionados de um a 15 projetos por categoria;<\/li>\n<li><strong>Estadual<\/strong>:\u00a0as produ\u00e7\u00f5es selecionadas em suas respectivas se\u00e7\u00f5es v\u00e3o representar seu estado na semifinal;<\/li>\n<li><strong>Regional<\/strong> (semifinal):\u00a0at\u00e9 135 projetos ser\u00e3o escolhidos para a grande final;<\/li>\n<li><strong>Nacional<\/strong> (final):\u00a0os quatro primeiros colocados em cada categoria ser\u00e3o os vencedores do concurso.<\/li>\n<\/ul>\n<p>As inscri\u00e7\u00f5es podem ser realizadas atrav\u00e9s do site:\u00a0<a href=\"https:\/\/www.escrevendoofuturo.org.br\/login\"><strong>escrevendoofuturo.org.br\/login<\/strong><\/a>.<\/p>\n","protected":false},"excerpt":{"rendered":"<p>Na pr\u00f3xima ter\u00e7a-feira, 30, terminar\u00e1 as inscri\u00e7\u00f5es para a 6\u00aa edi\u00e7\u00e3o da Olimp\u00edada de L\u00edngua Portuguesa2019, um concurso de produ\u00e7\u00e3o de textos para alunos de escolas p\u00fablicas de todo o Brasil.\u00a0Nesta edi\u00e7\u00e3o, a escritora mineira Concei\u00e7\u00e3o Evaristo \u00e9 a grande homenageada. A Olimp\u00edada de L\u00edngua Portuguesa \u00e9 uma iniciativa do Minist\u00e9rio da Educa\u00e7\u00e3o e do [&hellip;]<\/p>\n","protected":false},"author":96,"featured_media":138995,"comment_status":"closed","ping_status":"closed","sticky":false,"template":"","format":"standard","meta":{"footnotes":""},"categories":[253,436,440,439],"tags":[],"class_list":["post-138966","post","type-post","status-publish","format-standard","has-post-thumbnail","hentry","category-cidade","category-destaque-da-semana","category-destaques-do-dia","category-ultima-hora"],"_links":{"self":[{"href":"https:\/\/diarioregionaldigital.com.br\/index.php?rest_route=\/wp\/v2\/posts\/138966","targetHints":{"allow":["GET"]}}],"collection":[{"href":"https:\/\/diarioregionaldigital.com.br\/index.php?rest_route=\/wp\/v2\/posts"}],"about":[{"href":"https:\/\/diarioregionaldigital.com.br\/index.php?rest_route=\/wp\/v2\/types\/post"}],"author":[{"embeddable":true,"href":"https:\/\/diarioregionaldigital.com.br\/index.php?rest_route=\/wp\/v2\/users\/96"}],"replies":[{"embeddable":true,"href":"https:\/\/diarioregionaldigital.com.br\/index.php?rest_route=%2Fwp%2Fv2%2Fcomments&post=138966"}],"version-history":[{"count":0,"href":"https:\/\/diarioregionaldigital.com.br\/index.php?rest_route=\/wp\/v2\/posts\/138966\/revisions"}],"wp:featuredmedia":[{"embeddable":true,"href":"https:\/\/diarioregionaldigital.com.br\/index.php?rest_route=\/wp\/v2\/media\/138995"}],"wp:attachment":[{"href":"https:\/\/diarioregionaldigital.com.br\/index.php?rest_route=%2Fwp%2Fv2%2Fmedia&parent=138966"}],"wp:term":[{"taxonomy":"category","embeddable":true,"href":"https:\/\/diarioregionaldigital.com.br\/index.php?rest_route=%2Fwp%2Fv2%2Fcategories&post=138966"},{"taxonomy":"post_tag","embeddable":true,"href":"https:\/\/diarioregionaldigital.com.br\/index.php?rest_route=%2Fwp%2Fv2%2Ftags&post=138966"}],"curies":[{"name":"wp","href":"https:\/\/api.w.org\/{rel}","templated":true}]}}