{"id":138958,"date":"2019-04-28T06:00:30","date_gmt":"2019-04-28T09:00:30","guid":{"rendered":"https:\/\/diarioregionaldigital.com.br\/?p=138958"},"modified":"2019-04-25T19:57:59","modified_gmt":"2019-04-25T22:57:59","slug":"presenca-de-harari","status":"publish","type":"post","link":"https:\/\/diarioregionaldigital.com.br\/?p=138958","title":{"rendered":"PRESEN\u00c7A DE HARARI"},"content":{"rendered":"<p>Relativamente jovem (tem apenas 42 anos de idade) e professor da Universidade Hebraica de Jerusal\u00e9m, Yuval Noah Harari est\u00e1 em evid\u00eancia, lan\u00e7ando agora o seu terceiro livro de sucesso. \u00c9 a vez do \u201c21 li\u00e7\u00f5es para o s\u00e9culo 21\u201d, em que afirma que a tecnologia de informa\u00e7\u00e3o e a biotecnologia amea\u00e7am os valores de liberdade e da igualdade.<\/p>\n<p>O terceiro ensaio sobre a civiliza\u00e7\u00e3o saiu com 5 milh\u00f5es de exemplares de pr\u00e9-venda, sinal\u00a0 de que o autor israelense est\u00e1 sendo recebido com entusiasmo pelos leitores, que acolheram com \u00eaxito os seus livros anteriores: \u201cSapiens, uma breve hist\u00f3ria de humanidade\u201d (2011) e \u201cHomo Deus, uma breve hist\u00f3ria do amanh\u00e3\u201d (2016). Previu neste segundo livro que os seres humanos ir\u00e3o se tornar deuses e controlar a natureza e a consci\u00eancia, at\u00e9 serem controlados por algoritmos.<\/p>\n<p>O autor tende a valorizar o potencial apocal\u00edptico da tecnologia. Harari p\u00f5e o dedo em tr\u00eas quest\u00f5es fundamentais: a possibilidade de uma guerra nuclear, o aquecimento global e a revolu\u00e7\u00e3o tecnol\u00f3gica. N\u00e3o s\u00e3o problemas que possam ser resolvidos por somente uma na\u00e7\u00e3o.<\/p>\n<p>Ele oferece sugest\u00f5es para neutralizar a estupidez. Pede para cultivar a clareza de pensamento, a fim de que se compreenda o significado de eventos como a desilus\u00e3o pol\u00edtica, o p\u00e2nico social e as perturba\u00e7\u00f5es tecnol\u00f3gicas. Para ele, \u201cclareza \u00e9 poder.\u201d<\/p>\n<p>Chama a sua aten\u00e7\u00e3o o fato de que muitos empregos, em breve, ser\u00e3o substitu\u00eddos no mercado de trabalho. A intelig\u00eancia artificial (IA) poder\u00e1 levar pa\u00edses inteiros ao colapso e consequente ondas de caos e viol\u00eancia, da\u00ed a preocupa\u00e7\u00e3o que se deve ter com as <em>fake news<\/em>. Ele tem muito cuidado com os chamados esp\u00edritos cr\u00edticos.<\/p>\n<p>Numa entrevista dada \u00e0 revista Veja, Harari fez a suposi\u00e7\u00e3o de que o Brasil proibisse armas aut\u00f4nomas e beb\u00eas geneticamente modificados. De que isso adiantaria se os Estados Unidos produzissem rob\u00f4s assassinos e os engenheiros chineses fizessem humanos geneticamente aperfei\u00e7oados? A consequ\u00eancia seria que o Brasil se sentiria tentado a quebrar a pr\u00f3pria proibi\u00e7\u00e3o para n\u00e3o ficar atr\u00e1s.<\/p>\n<p>O autor israelense tem uma realidade ampla de perspectiva mundial: \u201cO governo brasileiro n\u00e3o consegue proteger o pa\u00eds da guerra nuclear ou do aquecimento global, a menos que coopere com a China, os Estados unidos e a R\u00fassia\u201d. Harari tem uma vis\u00e3o interdependente, sobretudo considerados os pa\u00edses potencialmente mais fortes do planeta.<\/p>\n<p>Se levarmos em conta o passado, o presente e o futuro, nas tr\u00eas obras do autor sabra, teremos a vis\u00e3o de um estudo s\u00e9rio e abrangente sobre o que entendemos seja o caminho da humanidade.<\/p>\n","protected":false},"excerpt":{"rendered":"<p>Relativamente jovem (tem apenas 42 anos de idade) e professor da Universidade Hebraica de Jerusal\u00e9m, Yuval Noah Harari est\u00e1 em evid\u00eancia, lan\u00e7ando agora o seu terceiro livro de sucesso. \u00c9 a vez do \u201c21 li\u00e7\u00f5es para o s\u00e9culo 21\u201d, em que afirma que a tecnologia de informa\u00e7\u00e3o e a biotecnologia amea\u00e7am os valores de liberdade [&hellip;]<\/p>\n","protected":false},"author":96,"featured_media":96753,"comment_status":"closed","ping_status":"closed","sticky":false,"template":"","format":"standard","meta":{"footnotes":""},"categories":[275,435,439],"tags":[],"class_list":["post-138958","post","type-post","status-publish","format-standard","has-post-thumbnail","hentry","category-arnaldo-niskier","category-colunas","category-ultima-hora"],"_links":{"self":[{"href":"https:\/\/diarioregionaldigital.com.br\/index.php?rest_route=\/wp\/v2\/posts\/138958","targetHints":{"allow":["GET"]}}],"collection":[{"href":"https:\/\/diarioregionaldigital.com.br\/index.php?rest_route=\/wp\/v2\/posts"}],"about":[{"href":"https:\/\/diarioregionaldigital.com.br\/index.php?rest_route=\/wp\/v2\/types\/post"}],"author":[{"embeddable":true,"href":"https:\/\/diarioregionaldigital.com.br\/index.php?rest_route=\/wp\/v2\/users\/96"}],"replies":[{"embeddable":true,"href":"https:\/\/diarioregionaldigital.com.br\/index.php?rest_route=%2Fwp%2Fv2%2Fcomments&post=138958"}],"version-history":[{"count":0,"href":"https:\/\/diarioregionaldigital.com.br\/index.php?rest_route=\/wp\/v2\/posts\/138958\/revisions"}],"wp:featuredmedia":[{"embeddable":true,"href":"https:\/\/diarioregionaldigital.com.br\/index.php?rest_route=\/wp\/v2\/media\/96753"}],"wp:attachment":[{"href":"https:\/\/diarioregionaldigital.com.br\/index.php?rest_route=%2Fwp%2Fv2%2Fmedia&parent=138958"}],"wp:term":[{"taxonomy":"category","embeddable":true,"href":"https:\/\/diarioregionaldigital.com.br\/index.php?rest_route=%2Fwp%2Fv2%2Fcategories&post=138958"},{"taxonomy":"post_tag","embeddable":true,"href":"https:\/\/diarioregionaldigital.com.br\/index.php?rest_route=%2Fwp%2Fv2%2Ftags&post=138958"}],"curies":[{"name":"wp","href":"https:\/\/api.w.org\/{rel}","templated":true}]}}