{"id":138957,"date":"2019-04-28T05:57:54","date_gmt":"2019-04-28T08:57:54","guid":{"rendered":"https:\/\/diarioregionaldigital.com.br\/?p=138957"},"modified":"2019-04-25T20:40:09","modified_gmt":"2019-04-25T23:40:09","slug":"pesquisa-aponta-queda-nos-precos-das-cestas-basicas-nacional-e-regional","status":"publish","type":"post","link":"https:\/\/diarioregionaldigital.com.br\/?p=138957","title":{"rendered":"Pesquisa aponta queda nos pre\u00e7os das cestas b\u00e1sicas nacional e regional"},"content":{"rendered":"<p>A nova pesquisa, realizada semanalmente, divulgada pela Secretaria de Desenvolvimento Econ\u00f4mico, Turismo e Agropecu\u00e1ria (Sedeta) da Prefeitura de Juiz de Fora (PJF), apontou queda de 5,99% no pre\u00e7o da cesta b\u00e1sica regional. Sendo assim, o custo passou de R$ 359,52 para R$ 337,99 e o valor atual representa 36,81% do sal\u00e1rio m\u00ednimo.<\/p>\n<p>Os tr\u00eas produtos que registraram as maiores altas no pre\u00e7o foram a banana-prata (5,72%), carne bovina de segunda (4,7%) e a\u00e7\u00facar cristal (0,94%). J\u00e1 as maiores quedas foram nos alimentos folhosos (-29,94%), tomate (-19,73%) e feij\u00e3o-preto (-13,67%).<\/p>\n<p>A mesma tend\u00eancia foi encontrada no pre\u00e7o da cesta b\u00e1sica nacional, demonstrando queda de 6,09%, custando agora R$ 356,02. Comparando com a pesquisa anterior, que estava custando R$379,13, a cesta b\u00e1sica nacional est\u00e1 R$ 23,11 mais barata.<\/p>\n<p>O valor atual representa 38,78% do sal\u00e1rio m\u00ednimo l\u00edquido. Os tr\u00eas produtos notificados com as maiores altas foram a\u00a0banana-prata (5,72%), carne de segunda (4,7%), a\u00e7\u00facar cristal (0,94%). E os que registraram as maiores quedas foram o\u00a0tomate (-19,73%), feij\u00e3o-preto (-13,67%), p\u00e3o de sal franc\u00eas (-9,61%).<\/p>\n<p>O Departamento de Abastecimento (Daba) da Sedeta realiza o levantamento com base na metodologia desenvolvida pelo Departamento Intersindical de Estat\u00edstica e Estudos Socioecon\u00f4micos (Dieese).<\/p>\n","protected":false},"excerpt":{"rendered":"<p>A nova pesquisa, realizada semanalmente, divulgada pela Secretaria de Desenvolvimento Econ\u00f4mico, Turismo e Agropecu\u00e1ria (Sedeta) da Prefeitura de Juiz de Fora (PJF), apontou queda de 5,99% no pre\u00e7o da cesta b\u00e1sica regional. Sendo assim, o custo passou de R$ 359,52 para R$ 337,99 e o valor atual representa 36,81% do sal\u00e1rio m\u00ednimo. Os tr\u00eas produtos [&hellip;]<\/p>\n","protected":false},"author":96,"featured_media":138973,"comment_status":"closed","ping_status":"closed","sticky":false,"template":"","format":"standard","meta":{"footnotes":""},"categories":[253,436,440,439],"tags":[],"class_list":["post-138957","post","type-post","status-publish","format-standard","has-post-thumbnail","hentry","category-cidade","category-destaque-da-semana","category-destaques-do-dia","category-ultima-hora"],"_links":{"self":[{"href":"https:\/\/diarioregionaldigital.com.br\/index.php?rest_route=\/wp\/v2\/posts\/138957","targetHints":{"allow":["GET"]}}],"collection":[{"href":"https:\/\/diarioregionaldigital.com.br\/index.php?rest_route=\/wp\/v2\/posts"}],"about":[{"href":"https:\/\/diarioregionaldigital.com.br\/index.php?rest_route=\/wp\/v2\/types\/post"}],"author":[{"embeddable":true,"href":"https:\/\/diarioregionaldigital.com.br\/index.php?rest_route=\/wp\/v2\/users\/96"}],"replies":[{"embeddable":true,"href":"https:\/\/diarioregionaldigital.com.br\/index.php?rest_route=%2Fwp%2Fv2%2Fcomments&post=138957"}],"version-history":[{"count":0,"href":"https:\/\/diarioregionaldigital.com.br\/index.php?rest_route=\/wp\/v2\/posts\/138957\/revisions"}],"wp:featuredmedia":[{"embeddable":true,"href":"https:\/\/diarioregionaldigital.com.br\/index.php?rest_route=\/wp\/v2\/media\/138973"}],"wp:attachment":[{"href":"https:\/\/diarioregionaldigital.com.br\/index.php?rest_route=%2Fwp%2Fv2%2Fmedia&parent=138957"}],"wp:term":[{"taxonomy":"category","embeddable":true,"href":"https:\/\/diarioregionaldigital.com.br\/index.php?rest_route=%2Fwp%2Fv2%2Fcategories&post=138957"},{"taxonomy":"post_tag","embeddable":true,"href":"https:\/\/diarioregionaldigital.com.br\/index.php?rest_route=%2Fwp%2Fv2%2Ftags&post=138957"}],"curies":[{"name":"wp","href":"https:\/\/api.w.org\/{rel}","templated":true}]}}