{"id":138939,"date":"2019-04-28T06:00:08","date_gmt":"2019-04-28T09:00:08","guid":{"rendered":"https:\/\/diarioregionaldigital.com.br\/?p=138939"},"modified":"2019-04-25T19:30:11","modified_gmt":"2019-04-25T22:30:11","slug":"confianca-do-consumidor-recua-15-ponto-de-marco-para-abril","status":"publish","type":"post","link":"https:\/\/diarioregionaldigital.com.br\/?p=138939","title":{"rendered":"Confian\u00e7a do Consumidor recua 1,5 ponto de mar\u00e7o para abril"},"content":{"rendered":"<p>O \u00cdndice de Confian\u00e7a do Consumidor (ICC), medido pela Funda\u00e7\u00e3o Getulio Vargas (FGV), caiu 1,5 ponto de mar\u00e7o para abril. Com o resultado, o indicador recuou para 89,5 pontos, em uma escala de zero a 200, o menor patamar desde outubro do ano passado (85,4 pontos).<\/p>\n<p>\u00c9 a terceira queda mensal consecutiva do indicador, que acumula perda de 7,1 pontos no per\u00edodo.<\/p>\n<p>A queda de abril foi provocada pelas estimativas em rela\u00e7\u00e3o aos pr\u00f3ximos meses, medidas pelo \u00cdndice de Expectativas, que recuou 2,7 pontos, para 98,7 pontos, a terceira queda consecutiva. O otimismo com rela\u00e7\u00e3o \u00e0 evolu\u00e7\u00e3o da economia caiu 2,9 pontos.<\/p>\n<p>J\u00e1 a confian\u00e7a no presente, medida pelo \u00cdndice de Situa\u00e7\u00e3o Atual (ISA), subiu 0,5 ponto, para 77,1 pontos. O grau de satisfa\u00e7\u00e3o com as finan\u00e7as familiares subiu 2,3 pontos.<\/p>\n<p>De acordo com a pesquisadora da FGV Viviane Seda Bittencourt, a queda da confian\u00e7a dos consumidores est\u00e1 relacionada \u201c\u00e0 decep\u00e7\u00e3o com a lenta recupera\u00e7\u00e3o econ\u00f4mica e a manuten\u00e7\u00e3o de n\u00edveis elevados de incerteza\u201d.<\/p>\n<p>Fonte: Ag\u00eancia Brasil<\/p>\n","protected":false},"excerpt":{"rendered":"<p>O \u00cdndice de Confian\u00e7a do Consumidor (ICC), medido pela Funda\u00e7\u00e3o Getulio Vargas (FGV), caiu 1,5 ponto de mar\u00e7o para abril. Com o resultado, o indicador recuou para 89,5 pontos, em uma escala de zero a 200, o menor patamar desde outubro do ano passado (85,4 pontos). \u00c9 a terceira queda mensal consecutiva do indicador, que [&hellip;]<\/p>\n","protected":false},"author":96,"featured_media":138946,"comment_status":"closed","ping_status":"closed","sticky":false,"template":"","format":"standard","meta":{"footnotes":""},"categories":[436,261,439],"tags":[],"class_list":["post-138939","post","type-post","status-publish","format-standard","has-post-thumbnail","hentry","category-destaque-da-semana","category-economia","category-ultima-hora"],"_links":{"self":[{"href":"https:\/\/diarioregionaldigital.com.br\/index.php?rest_route=\/wp\/v2\/posts\/138939","targetHints":{"allow":["GET"]}}],"collection":[{"href":"https:\/\/diarioregionaldigital.com.br\/index.php?rest_route=\/wp\/v2\/posts"}],"about":[{"href":"https:\/\/diarioregionaldigital.com.br\/index.php?rest_route=\/wp\/v2\/types\/post"}],"author":[{"embeddable":true,"href":"https:\/\/diarioregionaldigital.com.br\/index.php?rest_route=\/wp\/v2\/users\/96"}],"replies":[{"embeddable":true,"href":"https:\/\/diarioregionaldigital.com.br\/index.php?rest_route=%2Fwp%2Fv2%2Fcomments&post=138939"}],"version-history":[{"count":0,"href":"https:\/\/diarioregionaldigital.com.br\/index.php?rest_route=\/wp\/v2\/posts\/138939\/revisions"}],"wp:featuredmedia":[{"embeddable":true,"href":"https:\/\/diarioregionaldigital.com.br\/index.php?rest_route=\/wp\/v2\/media\/138946"}],"wp:attachment":[{"href":"https:\/\/diarioregionaldigital.com.br\/index.php?rest_route=%2Fwp%2Fv2%2Fmedia&parent=138939"}],"wp:term":[{"taxonomy":"category","embeddable":true,"href":"https:\/\/diarioregionaldigital.com.br\/index.php?rest_route=%2Fwp%2Fv2%2Fcategories&post=138939"},{"taxonomy":"post_tag","embeddable":true,"href":"https:\/\/diarioregionaldigital.com.br\/index.php?rest_route=%2Fwp%2Fv2%2Ftags&post=138939"}],"curies":[{"name":"wp","href":"https:\/\/api.w.org\/{rel}","templated":true}]}}