{"id":138796,"date":"2019-04-24T14:55:50","date_gmt":"2019-04-24T17:55:50","guid":{"rendered":"https:\/\/diarioregionaldigital.com.br\/?p=138796"},"modified":"2019-04-24T14:55:50","modified_gmt":"2019-04-24T17:55:50","slug":"bolsa-opera-em-baixa-mas-dolar-esta-em-alta-cotado-a-r-395","status":"publish","type":"post","link":"https:\/\/diarioregionaldigital.com.br\/?p=138796","title":{"rendered":"Bolsa opera em baixa, mas d\u00f3lar est\u00e1 em alta cotado a R$ 3,95"},"content":{"rendered":"<p>Ap\u00f3s a proposta de reforma da Previd\u00eancia passar pela Comiss\u00e3o de Constitui\u00e7\u00e3o e Justi\u00e7a (CCJ) da C\u00e2mara, a bolsa de valores registra queda na manh\u00e3 desta quarta-feira,, 24. O d\u00f3lar est\u00e1 em alta.<\/p>\n<p>Por volta das 11h, o Ibovespa, \u00edndice da B3 (antiga Bolsa de Valores de S\u00e3o Paulo) acusava 95.034,92 pontos, com queda de 0,93%. O d\u00f3lar comercial estava cotado para venda a R$ 3,95, com alta 0,94%.<\/p>\n<p>Ontem (23), a CCJ da C\u00e2mara dos Deputados aprovou, por um placar de 48 votos a 18, o texto do relator, deputado Delegado Marcelo Freitas (PSL-MG), pela admissibilidade da Proposta de Emenda \u00e0 Constitui\u00e7\u00e3o (PEC 6\/19), que trata da reforma da Previd\u00eancia.<\/p>\n<p>A PEC segue agora para an\u00e1lise de uma comiss\u00e3o especial que, segundo a l\u00edder do governo no Congresso, deputada Joice Hasselmann, deve ser instalada nesta quinta-feira (25).<\/p>\n<p>A PEC da reforma da Previd\u00eancia est\u00e1 em tramita\u00e7\u00e3o na C\u00e2mara h\u00e1 dois meses.<\/p>\n<p>Para concretizar a aprova\u00e7\u00e3o de seu relat\u00f3rio, o deputado Delegado Marcelo Freitas apresentou uma complementa\u00e7\u00e3o de voto para retirar quatro prontos da proposta, que, segundo ele, estavam em desacordo com a Constitui\u00e7\u00e3o.<\/p>\n<p>O parlamentar anunciou a medida nessa ter\u00e7a-feira, 23, acompanhado do secret\u00e1rio especial de Previd\u00eancia, Rog\u00e9rio Marinho.<\/p>\n<p>Os quatro itens suprimidos da proposta foram negociados com l\u00edderes da base governista.<\/p>\n<p>O principal deles \u00e9 o fim do pagamento da multa de 40% do Fundo de Garantia do Tempo de Servi\u00e7o (FGTS) e do recolhimento do fundo do trabalhador aposentado que voltar ao mercado de trabalho.<\/p>\n<p>&nbsp;<\/p>\n<p>Fonte: Ag\u00eancia Brasil<\/p>\n","protected":false},"excerpt":{"rendered":"<p>Ap\u00f3s a proposta de reforma da Previd\u00eancia passar pela Comiss\u00e3o de Constitui\u00e7\u00e3o e Justi\u00e7a (CCJ) da C\u00e2mara, a bolsa de valores registra queda na manh\u00e3 desta quarta-feira,, 24. O d\u00f3lar est\u00e1 em alta. Por volta das 11h, o Ibovespa, \u00edndice da B3 (antiga Bolsa de Valores de S\u00e3o Paulo) acusava 95.034,92 pontos, com queda de [&hellip;]<\/p>\n","protected":false},"author":96,"featured_media":138197,"comment_status":"closed","ping_status":"closed","sticky":false,"template":"","format":"standard","meta":{"footnotes":""},"categories":[436,261,262,439],"tags":[],"class_list":["post-138796","post","type-post","status-publish","format-standard","has-post-thumbnail","hentry","category-destaque-da-semana","category-economia","category-noticias","category-ultima-hora"],"_links":{"self":[{"href":"https:\/\/diarioregionaldigital.com.br\/index.php?rest_route=\/wp\/v2\/posts\/138796","targetHints":{"allow":["GET"]}}],"collection":[{"href":"https:\/\/diarioregionaldigital.com.br\/index.php?rest_route=\/wp\/v2\/posts"}],"about":[{"href":"https:\/\/diarioregionaldigital.com.br\/index.php?rest_route=\/wp\/v2\/types\/post"}],"author":[{"embeddable":true,"href":"https:\/\/diarioregionaldigital.com.br\/index.php?rest_route=\/wp\/v2\/users\/96"}],"replies":[{"embeddable":true,"href":"https:\/\/diarioregionaldigital.com.br\/index.php?rest_route=%2Fwp%2Fv2%2Fcomments&post=138796"}],"version-history":[{"count":0,"href":"https:\/\/diarioregionaldigital.com.br\/index.php?rest_route=\/wp\/v2\/posts\/138796\/revisions"}],"wp:featuredmedia":[{"embeddable":true,"href":"https:\/\/diarioregionaldigital.com.br\/index.php?rest_route=\/wp\/v2\/media\/138197"}],"wp:attachment":[{"href":"https:\/\/diarioregionaldigital.com.br\/index.php?rest_route=%2Fwp%2Fv2%2Fmedia&parent=138796"}],"wp:term":[{"taxonomy":"category","embeddable":true,"href":"https:\/\/diarioregionaldigital.com.br\/index.php?rest_route=%2Fwp%2Fv2%2Fcategories&post=138796"},{"taxonomy":"post_tag","embeddable":true,"href":"https:\/\/diarioregionaldigital.com.br\/index.php?rest_route=%2Fwp%2Fv2%2Ftags&post=138796"}],"curies":[{"name":"wp","href":"https:\/\/api.w.org\/{rel}","templated":true}]}}