{"id":138794,"date":"2019-04-24T14:51:43","date_gmt":"2019-04-24T17:51:43","guid":{"rendered":"https:\/\/diarioregionaldigital.com.br\/?p=138794"},"modified":"2019-04-24T14:51:43","modified_gmt":"2019-04-24T17:51:43","slug":"aumento-do-desemprego-e-movimento-da-sazonalidade-diz-secretario","status":"publish","type":"post","link":"https:\/\/diarioregionaldigital.com.br\/?p=138794","title":{"rendered":"Aumento do desemprego \u00e9 &#8220;movimento da sazonalidade&#8221;, diz secret\u00e1rio"},"content":{"rendered":"<p>O aumento do desemprego formal\u00a0em mar\u00e7o \u00e9, segundo t\u00e9cnicos do governo, uma posterga\u00e7\u00e3o das demiss\u00f5es que costumam ocorrer no m\u00eas de fevereiro. De acordo com o secret\u00e1rio de Trabalho da Secretaria Especial da Previd\u00eancia e Trabalho, do Minist\u00e9rio da Economia, Bruno\u00a0Dalcolmo, trata-se de um &#8220;movimento natural da sazonalidade&#8221;, em fun\u00e7\u00e3o das contrata\u00e7\u00f5es de fim de ano.<\/p>\n<p>\u201cAo que parece, os empres\u00e1rios seguraram mais os trabalhadores, at\u00e9 pelo carnaval, que foi no m\u00eas de mar\u00e7o\u201d, disse.<\/p>\n<p>N\u00fameros do Cadastro Geral de Empregados e Desempregados (Caged) divulgados nesta querta-feira, 24, apontam que o\u00a0mercado formal de trabalho apresentou um saldo negativo de 43.196 empregos com carteira assinada\u00a0em mar\u00e7o de 2019. O saldo \u00e9 resultante de um total de 1.216.177 admiss\u00f5es e de 1.304.373 demiss\u00f5es no per\u00edodo.<\/p>\n<p>O resultado negativo n\u00e3o frustrou as expectativas do secret\u00e1rio. \u201cN\u00e3o frustra porque \u00e9 um movimento natural da sazonalidade. M\u00eas passado tivemos um volume de contrata\u00e7\u00f5es muito acima das expectativas, inclusive do mercado. Com isso, na m\u00e9dia entre os dois meses, o crescimento do n\u00famero de postos gerados est\u00e1 em linha com o que se esperava\u201d, disse Dalcolmo durante a coletiva na qual foram apresentados os n\u00fameros.<\/p>\n<p>Em fevereiro, o saldo do n\u00famero de vagas formais havia ficado positivo, com 173.139 admiss\u00f5es (1.453.284 admiss\u00f5es e 1.280.145 demiss\u00f5es). Com isso, no acumulado do bimestre (fevereiro\/mar\u00e7o), o saldo est\u00e1 em 129.943.<\/p>\n<p>A expectativa do secret\u00e1rio \u00e9 que, com o crescimento da economia, \u201cque ainda n\u00e3o \u00e9 forte mas tende a se acelerar ao longo do ano\u201d &#8211; e com a aprova\u00e7\u00e3o reforma da Previd\u00eancia -, a situa\u00e7\u00e3o melhore nos pr\u00f3ximos meses.<\/p>\n<p>Segundo o secret\u00e1rio, abril costuma ser um m\u00eas \u201cbastante positivo\u201d devido \u00e0s contrata\u00e7\u00f5es para o Dia das M\u00e3es.<\/p>\n<p>Perguntado sobre o peso que a reforma trabalhista j\u00e1 em vigor teve para o cen\u00e1rio atual, Dalcomo disse que \u201co emprego n\u00e3o se cria de maneira espont\u00e2nea\u201d e que \u00e9 preciso que a economia esteja ajustada e volte a crescer para que o mercado de trabalho consiga reagir.<\/p>\n<p>\u201cA moderniza\u00e7\u00e3o trabalhista tem apresentado n\u00fameros muito positivos em termos de seguran\u00e7a jur\u00eddica, de redu\u00e7\u00e3o do volume de a\u00e7\u00f5es judiciais da ind\u00fastria. Houve uma queda de 35% da utiliza\u00e7\u00e3o de maneira muito pouco correta da Justi\u00e7a do Trabalho\u201d, argumentou.<\/p>\n<p>Dalcomo teceu elogios \u00e0s regras da nova legisla\u00e7\u00e3o trabalhista\u00a0que possibilitam contrata\u00e7\u00f5es para trabalhos intermitentes. Segundo ele, no comparativo entre os meses de mar\u00e7o de 2019 e mar\u00e7o de 2018 houve aumento de 50% na utiliza\u00e7\u00e3o dos contratos intermitentes.<\/p>\n<p>&nbsp;<\/p>\n<p>Fonte: Ag\u00eancia Brasil<\/p>\n","protected":false},"excerpt":{"rendered":"<p>O aumento do desemprego formal\u00a0em mar\u00e7o \u00e9, segundo t\u00e9cnicos do governo, uma posterga\u00e7\u00e3o das demiss\u00f5es que costumam ocorrer no m\u00eas de fevereiro. De acordo com o secret\u00e1rio de Trabalho da Secretaria Especial da Previd\u00eancia e Trabalho, do Minist\u00e9rio da Economia, Bruno\u00a0Dalcolmo, trata-se de um &#8220;movimento natural da sazonalidade&#8221;, em fun\u00e7\u00e3o das contrata\u00e7\u00f5es de fim de [&hellip;]<\/p>\n","protected":false},"author":96,"featured_media":137813,"comment_status":"closed","ping_status":"closed","sticky":false,"template":"","format":"standard","meta":{"footnotes":""},"categories":[436,261,262,439],"tags":[],"class_list":["post-138794","post","type-post","status-publish","format-standard","has-post-thumbnail","hentry","category-destaque-da-semana","category-economia","category-noticias","category-ultima-hora"],"_links":{"self":[{"href":"https:\/\/diarioregionaldigital.com.br\/index.php?rest_route=\/wp\/v2\/posts\/138794","targetHints":{"allow":["GET"]}}],"collection":[{"href":"https:\/\/diarioregionaldigital.com.br\/index.php?rest_route=\/wp\/v2\/posts"}],"about":[{"href":"https:\/\/diarioregionaldigital.com.br\/index.php?rest_route=\/wp\/v2\/types\/post"}],"author":[{"embeddable":true,"href":"https:\/\/diarioregionaldigital.com.br\/index.php?rest_route=\/wp\/v2\/users\/96"}],"replies":[{"embeddable":true,"href":"https:\/\/diarioregionaldigital.com.br\/index.php?rest_route=%2Fwp%2Fv2%2Fcomments&post=138794"}],"version-history":[{"count":0,"href":"https:\/\/diarioregionaldigital.com.br\/index.php?rest_route=\/wp\/v2\/posts\/138794\/revisions"}],"wp:featuredmedia":[{"embeddable":true,"href":"https:\/\/diarioregionaldigital.com.br\/index.php?rest_route=\/wp\/v2\/media\/137813"}],"wp:attachment":[{"href":"https:\/\/diarioregionaldigital.com.br\/index.php?rest_route=%2Fwp%2Fv2%2Fmedia&parent=138794"}],"wp:term":[{"taxonomy":"category","embeddable":true,"href":"https:\/\/diarioregionaldigital.com.br\/index.php?rest_route=%2Fwp%2Fv2%2Fcategories&post=138794"},{"taxonomy":"post_tag","embeddable":true,"href":"https:\/\/diarioregionaldigital.com.br\/index.php?rest_route=%2Fwp%2Fv2%2Ftags&post=138794"}],"curies":[{"name":"wp","href":"https:\/\/api.w.org\/{rel}","templated":true}]}}