{"id":138791,"date":"2019-04-24T14:47:42","date_gmt":"2019-04-24T17:47:42","guid":{"rendered":"https:\/\/diarioregionaldigital.com.br\/?p=138791"},"modified":"2019-04-24T14:47:42","modified_gmt":"2019-04-24T17:47:42","slug":"bolsonaro-recebe-empresarios-do-turismo-interessados-em-expandir-setor","status":"publish","type":"post","link":"https:\/\/diarioregionaldigital.com.br\/?p=138791","title":{"rendered":"Bolsonaro recebe empres\u00e1rios do turismo interessados em expandir setor"},"content":{"rendered":"<p>O presidente Jair Bolsonaro recebeu nesta quarta-feira, 24, no Pal\u00e1cio do Planalto, 27 empres\u00e1rios e representantes das principais entidades do setor do turismo. Acompanhados do ministro do Turismo, Marcelo \u00c1lvaro Ant\u00f4nio, eles apresentaram reivindica\u00e7\u00f5es para impulsionar essa cadeia produtiva no pa\u00eds.<\/p>\n<p>O grupo busca apoio pol\u00edtico para dar celeridade a projetos do setor em tramita\u00e7\u00e3o no Congresso Nacional.<\/p>\n<p>\u201cSabemos muito bem onde estamos em rela\u00e7\u00e3o ao turismo e onde queremos chegar e como chegar. A gente vive um novo no Brasil, momento de economia liberal, certamente o ambiente de neg\u00f3cios vai melhorar muito daqui para frente e temos propostas que v\u00e3o realmente trazer esse investimento do capital financeiro para o Brasil\u201d, disse o ministro.<\/p>\n<p>Entre os projetos destacados, est\u00e1 a institui\u00e7\u00e3o de \u00e1reas especiais de interesse tur\u00edstico, o que, segundo ele, engloba medidas de desburocratiza\u00e7\u00e3o e simplifica\u00e7\u00e3o de licen\u00e7as, \u201csobretudo ambientais\u201d, em \u00e1reas com voca\u00e7\u00e3o para o turismo.<\/p>\n<p>Ele cita como exemplo Canc\u00fan, no M\u00e9xico, que \u00e9 uma \u00e1rea de interesse tur\u00edstico que atrai mais de 20 milh\u00f5es de turistas estrangeiros por ano.<\/p>\n<p>A meta do Minist\u00e9rio do Turismo \u00e9 dobrar o n\u00famero de visitantes estrangeiros no Brasil, que hoje \u00e9 de cerca de 6 milh\u00f5es ao ano, impulsionar mais os turismos de eventos e corporativo e fazer crescer o turismo de lazer.<\/p>\n<h2>Embratur pode passar a ser ag\u00eancia<\/h2>\n<p>O projeto de lei que transforma a Embratur (Instituto Brasileiro de Turismo) em uma ag\u00eancia de promo\u00e7\u00e3o tur\u00edstica tamb\u00e9m \u00e9 uma prioridade para o setor.<\/p>\n<p>Segundo o ministro do Turismo, a mudan\u00e7a no modelo de gest\u00e3o da autarquia vai aumentar seu poder de promo\u00e7\u00e3o do Brasil no exterior, com a possibilidade de parcerias com a iniciativa privada e atra\u00e7\u00e3o de investimentos.<\/p>\n<p>O setor espera ainda a ratifica\u00e7\u00e3o da Medida Provis\u00f3ria que isenta de visto turistas dos Estados Unidos, Canad\u00e1, Jap\u00e3o e Austr\u00e1lia, a atualiza\u00e7\u00e3o da Lei Geral do Turismo e a abertura do capital estrangeiro nas empresas a\u00e9reas nacionais.<\/p>\n<p>O ministro Marcelo \u00c1lvaro Ant\u00f4nio contou ainda que\u00a0 Bolsonaro j\u00e1 deu aval para a concess\u00e3o de incentivos para a iniciativa privada, entre eles, a prorroga\u00e7\u00e3o da redu\u00e7\u00e3o de impostos para as ag\u00eancias de viagens.<\/p>\n<p>Em vigor h\u00e1 quatro anos, a Lei n\u00ba 13.315\/2016 reduz de 25% para 6% o valor do imposto de renda retido na fonte sobre remessas para o exterior. De acordo com o ministro, a medida venceria em dezembro deste ano.<\/p>\n<p>&nbsp;<\/p>\n<p>Fonte: Ag\u00eancia Brasil<\/p>\n<p>&nbsp;<\/p>\n","protected":false},"excerpt":{"rendered":"<p>O presidente Jair Bolsonaro recebeu nesta quarta-feira, 24, no Pal\u00e1cio do Planalto, 27 empres\u00e1rios e representantes das principais entidades do setor do turismo. Acompanhados do ministro do Turismo, Marcelo \u00c1lvaro Ant\u00f4nio, eles apresentaram reivindica\u00e7\u00f5es para impulsionar essa cadeia produtiva no pa\u00eds. O grupo busca apoio pol\u00edtico para dar celeridade a projetos do setor em tramita\u00e7\u00e3o [&hellip;]<\/p>\n","protected":false},"author":96,"featured_media":138792,"comment_status":"closed","ping_status":"closed","sticky":false,"template":"","format":"standard","meta":{"footnotes":""},"categories":[436,261,262,439],"tags":[],"class_list":["post-138791","post","type-post","status-publish","format-standard","has-post-thumbnail","hentry","category-destaque-da-semana","category-economia","category-noticias","category-ultima-hora"],"_links":{"self":[{"href":"https:\/\/diarioregionaldigital.com.br\/index.php?rest_route=\/wp\/v2\/posts\/138791","targetHints":{"allow":["GET"]}}],"collection":[{"href":"https:\/\/diarioregionaldigital.com.br\/index.php?rest_route=\/wp\/v2\/posts"}],"about":[{"href":"https:\/\/diarioregionaldigital.com.br\/index.php?rest_route=\/wp\/v2\/types\/post"}],"author":[{"embeddable":true,"href":"https:\/\/diarioregionaldigital.com.br\/index.php?rest_route=\/wp\/v2\/users\/96"}],"replies":[{"embeddable":true,"href":"https:\/\/diarioregionaldigital.com.br\/index.php?rest_route=%2Fwp%2Fv2%2Fcomments&post=138791"}],"version-history":[{"count":0,"href":"https:\/\/diarioregionaldigital.com.br\/index.php?rest_route=\/wp\/v2\/posts\/138791\/revisions"}],"wp:featuredmedia":[{"embeddable":true,"href":"https:\/\/diarioregionaldigital.com.br\/index.php?rest_route=\/wp\/v2\/media\/138792"}],"wp:attachment":[{"href":"https:\/\/diarioregionaldigital.com.br\/index.php?rest_route=%2Fwp%2Fv2%2Fmedia&parent=138791"}],"wp:term":[{"taxonomy":"category","embeddable":true,"href":"https:\/\/diarioregionaldigital.com.br\/index.php?rest_route=%2Fwp%2Fv2%2Fcategories&post=138791"},{"taxonomy":"post_tag","embeddable":true,"href":"https:\/\/diarioregionaldigital.com.br\/index.php?rest_route=%2Fwp%2Fv2%2Ftags&post=138791"}],"curies":[{"name":"wp","href":"https:\/\/api.w.org\/{rel}","templated":true}]}}