{"id":138786,"date":"2019-04-24T14:36:35","date_gmt":"2019-04-24T17:36:35","guid":{"rendered":"https:\/\/diarioregionaldigital.com.br\/?p=138786"},"modified":"2019-04-24T14:36:35","modified_gmt":"2019-04-24T17:36:35","slug":"ministro-podera-receber-indigenas-que-acampam-em-brasilia","status":"publish","type":"post","link":"https:\/\/diarioregionaldigital.com.br\/?p=138786","title":{"rendered":"Ministro poder\u00e1 receber ind\u00edgenas que acampam em Bras\u00edlia"},"content":{"rendered":"<p>O ministro da Secretaria de Governo, Santos Cruz, deve abrir a agenda para receber lideran\u00e7as ind\u00edgenas que participam\u00a0nesta semana\u00a0da 15\u00aa edi\u00e7\u00e3o do Acampamento Terra Livre, que re\u00fane mais de quatro mil \u00edndios de todo o pa\u00eds na regi\u00e3o central de Bras\u00edlia. O evento come\u00e7ou\u00a0nesta quarta-feira, 23, e segue at\u00e9 o fim da semana.<\/p>\n<p>&#8220;Segundo o ministro, o governo est\u00e1 empenhado em possibilitar o acesso direto dos ind\u00edgenas aos diferentes \u00f3rg\u00e3os federais, sem intermedi\u00e1rios, a fim de ouvir problemas e capturar sugest\u00f5es, esclarecer e fazer todo o esfor\u00e7o para solucionar os desafios e melhorar as condi\u00e7\u00f5es de vida dos brasileiros ind\u00edgenas&#8221;, afirmou o porta-voz da Presid\u00eancia da Rep\u00fablica, Ot\u00e1vio R\u00eago Barros, em coletiva de imprensa.<\/p>\n<p>Na semana passada, o governo\u00a0publicou uma portaria no Di\u00e1rio Oficial da Uni\u00e3o autorizando o emprego da For\u00e7a Nacional de Seguran\u00e7a na Esplanada dos Minist\u00e9rios por 33 dias, como medida preventiva a protestos e manifesta\u00e7\u00f5es na \u00e1rea central da capital da Rep\u00fablica. Foi um pedido do Gabinete de Seguran\u00e7a Institucional da Presid\u00eancia da Rep\u00fablica.\u00a0Segundo o secret\u00e1rio nacional de Seguran\u00e7a P\u00fablica, Guilherme Theophilo, al\u00e9m do Acampamento Terra Livre, o governo quer usar a For\u00e7a Nacional para atuar em eventuais manifesta\u00e7\u00f5es de movimentos sociais como o chamado Abril Vermelho, realizado em todo o pa\u00eds pelo Movimento dos Trabalhadores Rurais sem Terra (MST) para cobrar a reforma agr\u00e1ria, entre outras reivindica\u00e7\u00f5es.<\/p>\n<p>&nbsp;<\/p>\n<p>Fonte: Ag\u00eancia Brasil<\/p>\n","protected":false},"excerpt":{"rendered":"<p>O ministro da Secretaria de Governo, Santos Cruz, deve abrir a agenda para receber lideran\u00e7as ind\u00edgenas que participam\u00a0nesta semana\u00a0da 15\u00aa edi\u00e7\u00e3o do Acampamento Terra Livre, que re\u00fane mais de quatro mil \u00edndios de todo o pa\u00eds na regi\u00e3o central de Bras\u00edlia. O evento come\u00e7ou\u00a0nesta quarta-feira, 23, e segue at\u00e9 o fim da semana. &#8220;Segundo o [&hellip;]<\/p>\n","protected":false},"author":96,"featured_media":97343,"comment_status":"closed","ping_status":"closed","sticky":false,"template":"","format":"standard","meta":{"footnotes":""},"categories":[436,262,254,439],"tags":[],"class_list":["post-138786","post","type-post","status-publish","format-standard","has-post-thumbnail","hentry","category-destaque-da-semana","category-noticias","category-politica","category-ultima-hora"],"_links":{"self":[{"href":"https:\/\/diarioregionaldigital.com.br\/index.php?rest_route=\/wp\/v2\/posts\/138786","targetHints":{"allow":["GET"]}}],"collection":[{"href":"https:\/\/diarioregionaldigital.com.br\/index.php?rest_route=\/wp\/v2\/posts"}],"about":[{"href":"https:\/\/diarioregionaldigital.com.br\/index.php?rest_route=\/wp\/v2\/types\/post"}],"author":[{"embeddable":true,"href":"https:\/\/diarioregionaldigital.com.br\/index.php?rest_route=\/wp\/v2\/users\/96"}],"replies":[{"embeddable":true,"href":"https:\/\/diarioregionaldigital.com.br\/index.php?rest_route=%2Fwp%2Fv2%2Fcomments&post=138786"}],"version-history":[{"count":0,"href":"https:\/\/diarioregionaldigital.com.br\/index.php?rest_route=\/wp\/v2\/posts\/138786\/revisions"}],"wp:featuredmedia":[{"embeddable":true,"href":"https:\/\/diarioregionaldigital.com.br\/index.php?rest_route=\/wp\/v2\/media\/97343"}],"wp:attachment":[{"href":"https:\/\/diarioregionaldigital.com.br\/index.php?rest_route=%2Fwp%2Fv2%2Fmedia&parent=138786"}],"wp:term":[{"taxonomy":"category","embeddable":true,"href":"https:\/\/diarioregionaldigital.com.br\/index.php?rest_route=%2Fwp%2Fv2%2Fcategories&post=138786"},{"taxonomy":"post_tag","embeddable":true,"href":"https:\/\/diarioregionaldigital.com.br\/index.php?rest_route=%2Fwp%2Fv2%2Ftags&post=138786"}],"curies":[{"name":"wp","href":"https:\/\/api.w.org\/{rel}","templated":true}]}}