{"id":138775,"date":"2019-04-24T06:00:42","date_gmt":"2019-04-24T09:00:42","guid":{"rendered":"https:\/\/diarioregionaldigital.com.br\/?p=138775"},"modified":"2019-04-23T19:30:58","modified_gmt":"2019-04-23T22:30:58","slug":"corpo-de-bombeiros-realiza-primeira-operacao-alerta-vermelho-2019-nesta-quarta","status":"publish","type":"post","link":"https:\/\/diarioregionaldigital.com.br\/?p=138775","title":{"rendered":"Corpo de Bombeiros realiza primeira \u201cOpera\u00e7\u00e3o Alerta Vermelho 2019\u201d nesta quarta"},"content":{"rendered":"<p>Nesta quarta-feira, 24, o Corpo de Bombeiros de Minas Gerais realiza a primeira a\u00e7\u00e3o do ano da opera\u00e7\u00e3o \u201cAlerta Vermelho\u201d. A manobra, que acontece em todo o estado, \u00e9 uma etapa do ciclo de Prote\u00e7\u00e3o e Defesa Civil, visa promover a orienta\u00e7\u00e3o quanto \u00e0s medidas de seguran\u00e7a contra inc\u00eandio e p\u00e2nico necess\u00e1rias em edifica\u00e7\u00f5es ou espa\u00e7os destinados a uso coletivo.<\/p>\n<p>A opera\u00e7\u00e3o tem in\u00edcio \u00e0s 8 da manh\u00e3 e os militares visitam as edifica\u00e7\u00f5es das divis\u00f5es H-3 (Hospital e assemelhado) e H-6 (Cl\u00ednicas m\u00e9dicas odontol\u00f3gicas e veterin\u00e1rias), com o objetivo de certificar a regularidade das edifica\u00e7\u00f5es ou \u00e1reas de risco, conforme a Lei 14.130\/2001, al\u00e9m de certificar o cumprimento das exig\u00eancias das medidas de Prote\u00e7\u00e3o Contra Inc\u00eandio e P\u00e2nico.<\/p>\n<p>Al\u00e9m da a\u00e7\u00e3o desenvolvida em todo o estado, na \u00e1rea do Quarto Batalh\u00e3o de Bombeiros, nas cidades de Juiz de Fora, Ub\u00e1, Muria\u00e9, Vi\u00e7osa e Leopoldina. Em Juiz de Fora, o Posto de Comando ser\u00e1 instalado na Sede do Quarto Batalh\u00e3o de Bombeiros, na Avenida Brasil, n\u00ba 4305. Ser\u00e3o abordados, aproximadamente, 200 estabelecimentos que receber\u00e3o equipes de vistoriadores orientando quanto aos procedimentos de regulariza\u00e7\u00e3o e medidas de Prote\u00e7\u00e3o Contra Inc\u00eandio e P\u00e2nico.<\/p>\n","protected":false},"excerpt":{"rendered":"<p>Nesta quarta-feira, 24, o Corpo de Bombeiros de Minas Gerais realiza a primeira a\u00e7\u00e3o do ano da opera\u00e7\u00e3o \u201cAlerta Vermelho\u201d. A manobra, que acontece em todo o estado, \u00e9 uma etapa do ciclo de Prote\u00e7\u00e3o e Defesa Civil, visa promover a orienta\u00e7\u00e3o quanto \u00e0s medidas de seguran\u00e7a contra inc\u00eandio e p\u00e2nico necess\u00e1rias em edifica\u00e7\u00f5es ou [&hellip;]<\/p>\n","protected":false},"author":96,"featured_media":130741,"comment_status":"closed","ping_status":"closed","sticky":false,"template":"","format":"standard","meta":{"footnotes":""},"categories":[253,436,439],"tags":[],"class_list":["post-138775","post","type-post","status-publish","format-standard","has-post-thumbnail","hentry","category-cidade","category-destaque-da-semana","category-ultima-hora"],"_links":{"self":[{"href":"https:\/\/diarioregionaldigital.com.br\/index.php?rest_route=\/wp\/v2\/posts\/138775","targetHints":{"allow":["GET"]}}],"collection":[{"href":"https:\/\/diarioregionaldigital.com.br\/index.php?rest_route=\/wp\/v2\/posts"}],"about":[{"href":"https:\/\/diarioregionaldigital.com.br\/index.php?rest_route=\/wp\/v2\/types\/post"}],"author":[{"embeddable":true,"href":"https:\/\/diarioregionaldigital.com.br\/index.php?rest_route=\/wp\/v2\/users\/96"}],"replies":[{"embeddable":true,"href":"https:\/\/diarioregionaldigital.com.br\/index.php?rest_route=%2Fwp%2Fv2%2Fcomments&post=138775"}],"version-history":[{"count":0,"href":"https:\/\/diarioregionaldigital.com.br\/index.php?rest_route=\/wp\/v2\/posts\/138775\/revisions"}],"wp:featuredmedia":[{"embeddable":true,"href":"https:\/\/diarioregionaldigital.com.br\/index.php?rest_route=\/wp\/v2\/media\/130741"}],"wp:attachment":[{"href":"https:\/\/diarioregionaldigital.com.br\/index.php?rest_route=%2Fwp%2Fv2%2Fmedia&parent=138775"}],"wp:term":[{"taxonomy":"category","embeddable":true,"href":"https:\/\/diarioregionaldigital.com.br\/index.php?rest_route=%2Fwp%2Fv2%2Fcategories&post=138775"},{"taxonomy":"post_tag","embeddable":true,"href":"https:\/\/diarioregionaldigital.com.br\/index.php?rest_route=%2Fwp%2Fv2%2Ftags&post=138775"}],"curies":[{"name":"wp","href":"https:\/\/api.w.org\/{rel}","templated":true}]}}