{"id":138771,"date":"2019-04-23T19:27:41","date_gmt":"2019-04-23T22:27:41","guid":{"rendered":"https:\/\/diarioregionaldigital.com.br\/?p=138771"},"modified":"2019-04-23T19:27:41","modified_gmt":"2019-04-23T22:27:41","slug":"descarte-irregular-de-lixo-e-um-dos-maiores-problemas-no-combate-a-dengue","status":"publish","type":"post","link":"https:\/\/diarioregionaldigital.com.br\/?p=138771","title":{"rendered":"Descarte irregular de lixo \u00e9 um dos maiores problemas no combate \u00e0 dengue"},"content":{"rendered":"<p>Apenas no primeiro trimestre deste ano, por meio do trabalho da \u201cSala de Opera\u00e7\u00f5es da Dengue\u201d e do Departamento Municipal de Limpeza Urbana (Demlurb), a Prefeitura de Juiz de Fora (PJF) realizou mais de 60 limpezas em locais de descarte irregular espalhados pela cidade, conhecidos como bota-fora. S\u00f3 em janeiro, foram recolhidas 912 toneladas de lixo nesses espa\u00e7os, seguidas por 812 em fevereiro, e 890 em mar\u00e7o. O montante ultrapassa duas mil toneladas e meia.<\/p>\n<p>Cerca de dez servidores s\u00e3o deslocados para realizar a limpeza e o recolhimento de lixo nesses pontos, sendo tamb\u00e9m necess\u00e1rio utilizar caminh\u00e3o e, em determinadas situa\u00e7\u00f5es, m\u00e1quina retroescavadeira. O diretor operacional do Demlurb, Tiago Rocha, explica que, por vezes, \u00e9 preciso limpar um mesmo bota-fora em um curto espa\u00e7o de tempo. \u201cEsse retrabalho gera um custo para a m\u00e1quina p\u00fablica. Mas, mais do que isso, n\u00f3s deixamos de estar em outros lugares para refazer esse servi\u00e7o\u201d, ressalta.<\/p>\n<p>O lixo descartado de forma irregular propicia a prolifera\u00e7\u00e3o de animais nocivos e transmissores de doen\u00e7as, como ratos, escorpi\u00f5es e caramujos, pode entupir bueiros e provocar mau cheiro no entorno. Al\u00e9m disso, os res\u00edduos afetam diretamente a sa\u00fade da popula\u00e7\u00e3o, servindo de criadouro para o Aedes aegypti e, por consequ\u00eancia, aumentando a prolifera\u00e7\u00e3o dos casos de dengue no munic\u00edpio.<\/p>\n<p>De acordo com a gerente do Departamento de Vigil\u00e2ncia Epidemiol\u00f3gica e Ambiental (Dvea), Cec\u00edlia Kosmann, a PJF tem trabalhado com a\u00e7\u00f5es de conscientiza\u00e7\u00e3o da popula\u00e7\u00e3o, por meio do\u00a0<a href=\"https:\/\/www.pjf.mg.gov.br\/noticias\/view.php?modo=link2&amp;idnoticia2=64137\">Setor de Educa\u00e7\u00e3o em Sa\u00fade<\/a>\u00a0e tamb\u00e9m com trabalho de campo, fazendo vistoria em resid\u00eancias, com\u00e9rcio, casa de acumuladores e demais demandas que chegam at\u00e9 a \u201cSala de opera\u00e7\u00f5es\u201d pelo 199 ou pelo Colab.<\/p>\n<p>Apesar desse trabalho, ela salienta que \u00e9 preciso que a popula\u00e7\u00e3o se engaje e trabalhe em conjunto com o poder p\u00fablico no combate ao vetor. \u201cO Aedes aegypti \u00e9 extremamente adaptado \u00e0s condi\u00e7\u00f5es criadas pelo homem e pode completar seu ciclo em pequenos reservat\u00f3rios de \u00e1gua como, por exemplo, em tampinhas de garrafa. Todos devem estar sempre vigilantes e usar os dez minutos semanais para cuidar do seu im\u00f3vel. Somente com esta parceria podemos vencer a guerra contra o mosquito\u201d, enfatiza Kosmann.<\/p>\n<p>&nbsp;<\/p>\n<p><strong>Descarte irregular \u00e9 pass\u00edvel de multa<\/strong><\/p>\n<p>O C\u00f3digo de Posturas do Munic\u00edpio pro\u00edbe qualquer a\u00e7\u00e3o que provoque sujeira ou preju\u00edzo \u00e0 qualidade dos espa\u00e7os p\u00fablicos e prev\u00ea puni\u00e7\u00f5es para essas infra\u00e7\u00f5es. Caso os respons\u00e1veis por descarte irregular sejam flagrados pela fiscaliza\u00e7\u00e3o, ser\u00e3o autuados. A infra\u00e7\u00e3o \u00e9 considerada grav\u00edssima, com multa de R$ 4.695,62. As den\u00fancias podem ser feitas nas regionais de fiscaliza\u00e7\u00e3o de Secretaria de Meio Ambiente e Ordenamento Urbano (Semaur), pelos telefones:<\/p>\n<p><strong>Centro 1:<\/strong>\u00a03690-7709<\/p>\n<p><strong>Centro 2:<\/strong>\u00a03690-8379<\/p>\n<p><strong>Sul:<\/strong>\u00a03690-8304<\/p>\n<p><strong>Sudeste:<\/strong>\u00a03690-8377<\/p>\n<p><strong>Leste:<\/strong>\u00a02104-8402<\/p>\n<p><strong>Oeste:<\/strong>\u00a03690-8288<\/p>\n<p><strong>Norte:<\/strong>\u00a03690-7927<\/p>\n<p>Fonte: PJF<\/p>\n","protected":false},"excerpt":{"rendered":"<p>Apenas no primeiro trimestre deste ano, por meio do trabalho da \u201cSala de Opera\u00e7\u00f5es da Dengue\u201d e do Departamento Municipal de Limpeza Urbana (Demlurb), a Prefeitura de Juiz de Fora (PJF) realizou mais de 60 limpezas em locais de descarte irregular espalhados pela cidade, conhecidos como bota-fora. S\u00f3 em janeiro, foram recolhidas 912 toneladas de [&hellip;]<\/p>\n","protected":false},"author":96,"featured_media":138774,"comment_status":"closed","ping_status":"closed","sticky":false,"template":"","format":"standard","meta":{"footnotes":""},"categories":[253,436,439],"tags":[],"class_list":["post-138771","post","type-post","status-publish","format-standard","has-post-thumbnail","hentry","category-cidade","category-destaque-da-semana","category-ultima-hora"],"_links":{"self":[{"href":"https:\/\/diarioregionaldigital.com.br\/index.php?rest_route=\/wp\/v2\/posts\/138771","targetHints":{"allow":["GET"]}}],"collection":[{"href":"https:\/\/diarioregionaldigital.com.br\/index.php?rest_route=\/wp\/v2\/posts"}],"about":[{"href":"https:\/\/diarioregionaldigital.com.br\/index.php?rest_route=\/wp\/v2\/types\/post"}],"author":[{"embeddable":true,"href":"https:\/\/diarioregionaldigital.com.br\/index.php?rest_route=\/wp\/v2\/users\/96"}],"replies":[{"embeddable":true,"href":"https:\/\/diarioregionaldigital.com.br\/index.php?rest_route=%2Fwp%2Fv2%2Fcomments&post=138771"}],"version-history":[{"count":0,"href":"https:\/\/diarioregionaldigital.com.br\/index.php?rest_route=\/wp\/v2\/posts\/138771\/revisions"}],"wp:featuredmedia":[{"embeddable":true,"href":"https:\/\/diarioregionaldigital.com.br\/index.php?rest_route=\/wp\/v2\/media\/138774"}],"wp:attachment":[{"href":"https:\/\/diarioregionaldigital.com.br\/index.php?rest_route=%2Fwp%2Fv2%2Fmedia&parent=138771"}],"wp:term":[{"taxonomy":"category","embeddable":true,"href":"https:\/\/diarioregionaldigital.com.br\/index.php?rest_route=%2Fwp%2Fv2%2Fcategories&post=138771"},{"taxonomy":"post_tag","embeddable":true,"href":"https:\/\/diarioregionaldigital.com.br\/index.php?rest_route=%2Fwp%2Fv2%2Ftags&post=138771"}],"curies":[{"name":"wp","href":"https:\/\/api.w.org\/{rel}","templated":true}]}}