{"id":138764,"date":"2019-04-24T06:00:31","date_gmt":"2019-04-24T09:00:31","guid":{"rendered":"https:\/\/diarioregionaldigital.com.br\/?p=138764"},"modified":"2019-04-23T19:11:31","modified_gmt":"2019-04-23T22:11:31","slug":"prefeitura-municipal-de-tocantins-licitacao-no036-24-04-19","status":"publish","type":"post","link":"https:\/\/diarioregionaldigital.com.br\/?p=138764","title":{"rendered":"Prefeitura Municipal de Tocantins &#8211; Licita\u00e7\u00e3o n\u00ba036 &#8211; 24\/04\/19"},"content":{"rendered":"<p style=\"text-align: center;\"><strong>AVISO DE LICITA\u00c7\u00c3O<\/strong><\/p>\n<p style=\"text-align: center;\"><strong>Processo Licit\u00f3rio \u00a0n\u00b0036\/2019<\/strong><\/p>\n<p style=\"text-align: center;\"><strong>Modalidade de Preg\u00e3o Presencial n\u00b0028\/2019<\/strong><\/p>\n<p style=\"text-align: center;\">O Munic\u00edpio de Tocantins, na forma da lei, faz saber a todos os interessados que far\u00e1 licita\u00e7\u00e3o na modalidade de <strong>preg\u00e3o presencial<\/strong> cujo objeto \u00e9 o fornecimento de PNEUS, CAMARAS DE AR E PROTETORES enunciados no Anexo I do edital pelo sistema de <strong>REGISTRO DE PRE\u00c7OS<\/strong>, para atender as diversas Secretarias do Munic\u00edpio de Tocantins-MG, no dia 08\/05\/2019 \u00e0s 08:00 horas na sala da comiss\u00e3o de licita\u00e7\u00e3o, localizada na Av. Padre Mac\u00e1rio, n\u00b0 129, bairro Centro, munic\u00edpio de TOCANTINS-MG. O edital completo encontra-se a disposi\u00e7\u00e3o dos interessados no endere\u00e7o citado anteriormente, no hor\u00e1rio de expediente de 08:00 as 11:00 horas e 13:00 as 16:00 horas. TOCANTINS, 23 de abril de 2019.<\/p>\n<p style=\"text-align: center;\">\u00a0_______________________________________<\/p>\n<p style=\"text-align: center;\">Luiz Fernando Barbosa da Silva<\/p>\n","protected":false},"excerpt":{"rendered":"<p>AVISO DE LICITA\u00c7\u00c3O Processo Licit\u00f3rio \u00a0n\u00b0036\/2019 Modalidade de Preg\u00e3o Presencial n\u00b0028\/2019 O Munic\u00edpio de Tocantins, na forma da lei, faz saber a todos os interessados que far\u00e1 licita\u00e7\u00e3o na modalidade de preg\u00e3o presencial cujo objeto \u00e9 o fornecimento de PNEUS, CAMARAS DE AR E PROTETORES enunciados no Anexo I do edital pelo sistema de REGISTRO [&hellip;]<\/p>\n","protected":false},"author":96,"featured_media":0,"comment_status":"closed","ping_status":"closed","sticky":false,"template":"","format":"standard","meta":{"footnotes":""},"categories":[307],"tags":[],"class_list":["post-138764","post","type-post","status-publish","format-standard","hentry","category-editais"],"_links":{"self":[{"href":"https:\/\/diarioregionaldigital.com.br\/index.php?rest_route=\/wp\/v2\/posts\/138764","targetHints":{"allow":["GET"]}}],"collection":[{"href":"https:\/\/diarioregionaldigital.com.br\/index.php?rest_route=\/wp\/v2\/posts"}],"about":[{"href":"https:\/\/diarioregionaldigital.com.br\/index.php?rest_route=\/wp\/v2\/types\/post"}],"author":[{"embeddable":true,"href":"https:\/\/diarioregionaldigital.com.br\/index.php?rest_route=\/wp\/v2\/users\/96"}],"replies":[{"embeddable":true,"href":"https:\/\/diarioregionaldigital.com.br\/index.php?rest_route=%2Fwp%2Fv2%2Fcomments&post=138764"}],"version-history":[{"count":0,"href":"https:\/\/diarioregionaldigital.com.br\/index.php?rest_route=\/wp\/v2\/posts\/138764\/revisions"}],"wp:attachment":[{"href":"https:\/\/diarioregionaldigital.com.br\/index.php?rest_route=%2Fwp%2Fv2%2Fmedia&parent=138764"}],"wp:term":[{"taxonomy":"category","embeddable":true,"href":"https:\/\/diarioregionaldigital.com.br\/index.php?rest_route=%2Fwp%2Fv2%2Fcategories&post=138764"},{"taxonomy":"post_tag","embeddable":true,"href":"https:\/\/diarioregionaldigital.com.br\/index.php?rest_route=%2Fwp%2Fv2%2Ftags&post=138764"}],"curies":[{"name":"wp","href":"https:\/\/api.w.org\/{rel}","templated":true}]}}