{"id":138759,"date":"2019-04-24T06:00:10","date_gmt":"2019-04-24T09:00:10","guid":{"rendered":"https:\/\/diarioregionaldigital.com.br\/?p=138759"},"modified":"2019-04-23T19:38:50","modified_gmt":"2019-04-23T22:38:50","slug":"previsao-indica-sol-com-poucas-nuvens-ate-o-final-de-semana","status":"publish","type":"post","link":"https:\/\/diarioregionaldigital.com.br\/?p=138759","title":{"rendered":"Previs\u00e3o indica sol com poucas nuvens at\u00e9 o final de semana"},"content":{"rendered":"<p>A manh\u00e3 desta quarta-feira, 24, ser\u00e1 de tempo com sol com nuvens, segundo o Instituto Nacional de Meteorologia (INMET). Essa situa\u00e7\u00e3o de poucas nuvens se repetir\u00e1 durante a tarde e a noite, com as temperaturas chegando na m\u00ednima de 16\u00baC e m\u00e1xima de 32\u00baC.<\/p>\n<p>A quinta-feira, 25, ser\u00e1 de muitas nuvens, com a tend\u00eancia est\u00e1vel e temperaturas entre 20\u00baC e 28\u00baC. J\u00e1 a sexta-feira, 26, ser\u00e1 de sol entre nuvens e s\u00e1bado, 27, de sol com poucas nuvens. A previs\u00e3o m\u00ednima para sexta e s\u00e1bado, ficar\u00e1 em 18\u00baC e a m\u00e1xima \u00e9 29\u00baC.<\/p>\n","protected":false},"excerpt":{"rendered":"<p>A manh\u00e3 desta quarta-feira, 24, ser\u00e1 de tempo com sol com nuvens, segundo o Instituto Nacional de Meteorologia (INMET). Essa situa\u00e7\u00e3o de poucas nuvens se repetir\u00e1 durante a tarde e a noite, com as temperaturas chegando na m\u00ednima de 16\u00baC e m\u00e1xima de 32\u00baC. A quinta-feira, 25, ser\u00e1 de muitas nuvens, com a tend\u00eancia est\u00e1vel [&hellip;]<\/p>\n","protected":false},"author":96,"featured_media":138769,"comment_status":"closed","ping_status":"closed","sticky":false,"template":"","format":"standard","meta":{"footnotes":""},"categories":[253,436,440,439],"tags":[],"class_list":["post-138759","post","type-post","status-publish","format-standard","has-post-thumbnail","hentry","category-cidade","category-destaque-da-semana","category-destaques-do-dia","category-ultima-hora"],"_links":{"self":[{"href":"https:\/\/diarioregionaldigital.com.br\/index.php?rest_route=\/wp\/v2\/posts\/138759","targetHints":{"allow":["GET"]}}],"collection":[{"href":"https:\/\/diarioregionaldigital.com.br\/index.php?rest_route=\/wp\/v2\/posts"}],"about":[{"href":"https:\/\/diarioregionaldigital.com.br\/index.php?rest_route=\/wp\/v2\/types\/post"}],"author":[{"embeddable":true,"href":"https:\/\/diarioregionaldigital.com.br\/index.php?rest_route=\/wp\/v2\/users\/96"}],"replies":[{"embeddable":true,"href":"https:\/\/diarioregionaldigital.com.br\/index.php?rest_route=%2Fwp%2Fv2%2Fcomments&post=138759"}],"version-history":[{"count":0,"href":"https:\/\/diarioregionaldigital.com.br\/index.php?rest_route=\/wp\/v2\/posts\/138759\/revisions"}],"wp:featuredmedia":[{"embeddable":true,"href":"https:\/\/diarioregionaldigital.com.br\/index.php?rest_route=\/wp\/v2\/media\/138769"}],"wp:attachment":[{"href":"https:\/\/diarioregionaldigital.com.br\/index.php?rest_route=%2Fwp%2Fv2%2Fmedia&parent=138759"}],"wp:term":[{"taxonomy":"category","embeddable":true,"href":"https:\/\/diarioregionaldigital.com.br\/index.php?rest_route=%2Fwp%2Fv2%2Fcategories&post=138759"},{"taxonomy":"post_tag","embeddable":true,"href":"https:\/\/diarioregionaldigital.com.br\/index.php?rest_route=%2Fwp%2Fv2%2Ftags&post=138759"}],"curies":[{"name":"wp","href":"https:\/\/api.w.org\/{rel}","templated":true}]}}