{"id":138758,"date":"2019-04-23T19:26:21","date_gmt":"2019-04-23T22:26:21","guid":{"rendered":"https:\/\/diarioregionaldigital.com.br\/?p=138758"},"modified":"2019-04-23T19:26:21","modified_gmt":"2019-04-23T22:26:21","slug":"ufjf-abre-92-vagas-para-mestrado-e-doutorado","status":"publish","type":"post","link":"https:\/\/diarioregionaldigital.com.br\/?p=138758","title":{"rendered":"UFJF abre 92 vagas para mestrado e doutorado"},"content":{"rendered":"<p>Os programas de p\u00f3s-gradua\u00e7\u00e3ode Educa\u00e7\u00e3o F\u00edsica, Enfermagem e Ci\u00eancias da Reabilita\u00e7\u00e3o e Desempenho F\u00edsico-Funcional da Universidade Federal de Juiz de Fora (UFJF) est\u00e3o com editais abertos para ingresso em 2019, nos campi de Juiz de Fora e Governador Valadares. Ao todo, ser\u00e3o oferecidas 92 vagas em cursos de mestrado e doutorado, distribu\u00eddas entre os tr\u00eas programas.<\/p>\n<p>As inscri\u00e7\u00f5es para o\u00a0Programa de P\u00f3s-Gradua\u00e7\u00e3o em Educa\u00e7\u00e3o F\u00edsica, oferecido em associa\u00e7\u00e3o ampla pelo Departamento de Educa\u00e7\u00e3o F\u00edsica da Universidade Federal de Vi\u00e7osa (UFV) e pela Faculdade de Educa\u00e7\u00e3o F\u00edsica e Desportos (Faefid) da UFJF, come\u00e7am na segunda-feira, 22, e v\u00e3o at\u00e9 o dia 30. O programa \u00e9 estruturado na \u00c1rea de Concentra\u00e7\u00e3o \u201cExerc\u00edcio e Esporte\u201d, tendo. As linhas de pesquisas s\u00e3o: atividade f\u00edsica e sa\u00fade; e estudos do esporte e suas manifesta\u00e7\u00f5es.\u00a0 Ser\u00e3o oferecidas 24 vagas no mestrado e 21 no doutorado e o processo seletivo ser\u00e1 composto por tr\u00eas etapas: prova escrita, avalia\u00e7\u00e3o do projeto de pesquisa e avalia\u00e7\u00e3o do curr\u00edculo.<\/p>\n<p>J\u00e1 para Enfermagem, as inscri\u00e7\u00f5es acontecem entre os dias 6 e 9 de maio. O programa poder\u00e1 selecionar at\u00e9 24 vagas, conforme disponibilidade de orienta\u00e7\u00e3o de cada professor. O processo seletivo ser\u00e1 composto por quatro etapas: prova escrita, avalia\u00e7\u00e3o do projeto de pesquisa, prova de t\u00edtulos, e entrevista individual. Neste programa, o candidato dever\u00e1 se inscrever em uma das linhas de pesquisa, sendo elas: Fundamentos Te\u00f3ricos, Pol\u00edticos e Culturais do cuidado em Sa\u00fade e Enfermagem; ou Tecnologia e Comunica\u00e7\u00e3o no cuidado em sa\u00fade e Enfermagem.<\/p>\n<p>E entre os dias 20 e 31 de maio acontecem as inscri\u00e7\u00f5es para o\u00a0Programa de P\u00f3s-Gradua\u00e7\u00e3o em Ci\u00eancias da Reabilita\u00e7\u00e3o e Desempenho F\u00edsico-Funcional,\u00a0da Faculdade de Fisioterapia, sendo oferecidas, ao todo, 23 vagas, cinco no campus Governador Valadares e 18 em Juiz de Fora. A sele\u00e7\u00e3o ser\u00e1 composta por tr\u00eas etapas: prova escrita, argui\u00e7\u00e3o do projeto de pesquisa e avalia\u00e7\u00e3o do curr\u00edculo. O candidato poder\u00e1 concorrer somente a uma vaga e deve indicar, na ficha de inscri\u00e7\u00e3o, o orientador de sua escolha, que determinar\u00e1 o campus para realiza\u00e7\u00e3o do processo seletivo e do curso, conforme tabela dispon\u00edvel no edital.<\/p>\n<p>Os editais para os tr\u00eas programas est\u00e3o dispon\u00edveis no site da UFJF.<\/p>\n","protected":false},"excerpt":{"rendered":"<p>Os programas de p\u00f3s-gradua\u00e7\u00e3ode Educa\u00e7\u00e3o F\u00edsica, Enfermagem e Ci\u00eancias da Reabilita\u00e7\u00e3o e Desempenho F\u00edsico-Funcional da Universidade Federal de Juiz de Fora (UFJF) est\u00e3o com editais abertos para ingresso em 2019, nos campi de Juiz de Fora e Governador Valadares. Ao todo, ser\u00e3o oferecidas 92 vagas em cursos de mestrado e doutorado, distribu\u00eddas entre os tr\u00eas [&hellip;]<\/p>\n","protected":false},"author":96,"featured_media":138772,"comment_status":"closed","ping_status":"closed","sticky":false,"template":"","format":"standard","meta":{"footnotes":""},"categories":[253,436,440,439],"tags":[],"class_list":["post-138758","post","type-post","status-publish","format-standard","has-post-thumbnail","hentry","category-cidade","category-destaque-da-semana","category-destaques-do-dia","category-ultima-hora"],"_links":{"self":[{"href":"https:\/\/diarioregionaldigital.com.br\/index.php?rest_route=\/wp\/v2\/posts\/138758","targetHints":{"allow":["GET"]}}],"collection":[{"href":"https:\/\/diarioregionaldigital.com.br\/index.php?rest_route=\/wp\/v2\/posts"}],"about":[{"href":"https:\/\/diarioregionaldigital.com.br\/index.php?rest_route=\/wp\/v2\/types\/post"}],"author":[{"embeddable":true,"href":"https:\/\/diarioregionaldigital.com.br\/index.php?rest_route=\/wp\/v2\/users\/96"}],"replies":[{"embeddable":true,"href":"https:\/\/diarioregionaldigital.com.br\/index.php?rest_route=%2Fwp%2Fv2%2Fcomments&post=138758"}],"version-history":[{"count":0,"href":"https:\/\/diarioregionaldigital.com.br\/index.php?rest_route=\/wp\/v2\/posts\/138758\/revisions"}],"wp:featuredmedia":[{"embeddable":true,"href":"https:\/\/diarioregionaldigital.com.br\/index.php?rest_route=\/wp\/v2\/media\/138772"}],"wp:attachment":[{"href":"https:\/\/diarioregionaldigital.com.br\/index.php?rest_route=%2Fwp%2Fv2%2Fmedia&parent=138758"}],"wp:term":[{"taxonomy":"category","embeddable":true,"href":"https:\/\/diarioregionaldigital.com.br\/index.php?rest_route=%2Fwp%2Fv2%2Fcategories&post=138758"},{"taxonomy":"post_tag","embeddable":true,"href":"https:\/\/diarioregionaldigital.com.br\/index.php?rest_route=%2Fwp%2Fv2%2Ftags&post=138758"}],"curies":[{"name":"wp","href":"https:\/\/api.w.org\/{rel}","templated":true}]}}