{"id":138757,"date":"2019-04-24T06:00:00","date_gmt":"2019-04-24T09:00:00","guid":{"rendered":"https:\/\/diarioregionaldigital.com.br\/?p=138757"},"modified":"2019-04-23T19:04:39","modified_gmt":"2019-04-23T22:04:39","slug":"luxo-total","status":"publish","type":"post","link":"https:\/\/diarioregionaldigital.com.br\/?p=138757","title":{"rendered":"Luxo Total"},"content":{"rendered":"<p style=\"text-align: center;\"><strong>No Museu<\/strong><\/p>\n<p style=\"text-align: center;\">Ap\u00f3s dez anos da primeira edi\u00e7\u00e3o do \u201cSafari Fotogr\u00e1fico\u201d, ele est\u00e1 de volta e, a Funda\u00e7\u00e3o Museu Mariano Proc\u00f3pio promover\u00e1 a segunda Edi\u00e7\u00e3o do evento que pretende reunir fot\u00f3grafos e amantes da fotografia para produ\u00e7\u00e3o de imagens utilizando v\u00e1rios espa\u00e7os da institui\u00e7\u00e3o. O evento tem parceria com o Foto Pav\u00e3o e os participantes ter\u00e3o o dia 5 de maio, das 8 \u00e0s 12h. Inscri\u00e7\u00f5es at\u00e9 o dia 25 e informa\u00e7\u00f5es pelo fone: 3216-1785.<\/p>\n<p style=\"text-align: center;\"><strong>Orienta\u00e7\u00e3o <\/strong><\/p>\n<p style=\"text-align: center;\">A FIEMG Regional Zona da Mata atrav\u00e9s de seu Centro de Treinamento realizou o evento \u201cImpactos do eSocial nas rotinas de Seguran\u00e7a e Sa\u00fade no Trabalho\u201d. O objetivo foi apresentar e orientar os participantes a respeito das informa\u00e7\u00f5es que ser\u00e3o prestados no Sistema eSocial referentes a \u00e1rea de Seguran\u00e7a e Sa\u00fade no Trabalho.<\/p>\n<p style=\"text-align: center;\"><strong>L\u00e1 Longe<\/strong><\/p>\n<p style=\"text-align: center;\">Recentemente, os alunos do curso de Engenharia El\u00e9trica do CES\/JF juntamente com o coordenador, Professor Wesley Carminati Teixeira, realizaram uma visita t\u00e9cnica \u00e0 Usina Hidrel\u00e9trica de Itaipu. De acordo com o professor Wesley, essa atividade acad\u00eamica era um sonho de boa parte dos alunos e eles puderam ver de perto essa obra emblem\u00e1tica da engenharia e de gigantesca import\u00e2ncia para o nosso pa\u00eds e para o Paraguai.<\/p>\n<p style=\"text-align: center;\"><strong>Not\u00edcia<\/strong><\/p>\n<p style=\"text-align: center;\">As inscri\u00e7\u00f5es para o laborat\u00f3rio da Semana do Audiovisual Primeiro Plano foram prorrogadas para at\u00e9 o dia 26 de abril. \u00c9 mais uma chance para os estudantes e profissionais da \u00e1rea participarem do evento e concorrerem a dois pr\u00eamios de incentivo que, somados, distribuir\u00e3o R$ 10 mil para a realiza\u00e7\u00e3o de filmes. Organizado pela Luzes da Cidade \u2013 Grupo de Cin\u00e9filos e Produtores Culturais de Juiz de Fora \u2013 em parceira com a Insensatez Visual, ocorrer\u00e1 entre os dias 7 e 11 de maio.<\/p>\n<p style=\"text-align: center;\"><strong>Luxo Total<\/strong><\/p>\n<p style=\"text-align: center;\">A super loja M.Marques, no Braz Shopping, 1\u00ba piso, est\u00e1 com promo\u00e7\u00e3o incr\u00edvel levando as lindas pe\u00e7as masculinas com 40% \u00e0 vista ou 20% parcelado. Corram lolitos e aproveitem, pois as roupas est\u00e3o de arrasar!<\/p>\n<p>&nbsp;<\/p>\n<div id=\"attachment_138745\" style=\"width: 690px\" class=\"wp-caption aligncenter\"><img loading=\"lazy\" decoding=\"async\" aria-describedby=\"caption-attachment-138745\" class=\"wp-image-138745\" src=\"https:\/\/diarioregionaldigital.com.br\/wp-content\/uploads\/2019\/04\/fotoaaa-e1556052984461.jpg\" alt=\"\" width=\"680\" height=\"527\" srcset=\"https:\/\/diarioregionaldigital.com.br\/wp-content\/uploads\/2019\/04\/fotoaaa-e1556052984461.jpg 400w, https:\/\/diarioregionaldigital.com.br\/wp-content\/uploads\/2019\/04\/fotoaaa-e1556052984461-300x233.jpg 300w, https:\/\/diarioregionaldigital.com.br\/wp-content\/uploads\/2019\/04\/fotoaaa-e1556052984461-360x279.jpg 360w\" sizes=\"auto, (max-width: 680px) 100vw, 680px\" \/><p id=\"caption-attachment-138745\" class=\"wp-caption-text\">Curtindo lua de mel o bonito casal Lilian Macedo Gomes e Nelson Belotti<\/p><\/div>\n<div id=\"attachment_138746\" style=\"width: 690px\" class=\"wp-caption aligncenter\"><img loading=\"lazy\" decoding=\"async\" aria-describedby=\"caption-attachment-138746\" class=\"wp-image-138746\" src=\"https:\/\/diarioregionaldigital.com.br\/wp-content\/uploads\/2019\/04\/fotob-16.jpg\" alt=\"\" width=\"680\" height=\"453\" srcset=\"https:\/\/diarioregionaldigital.com.br\/wp-content\/uploads\/2019\/04\/fotob-16.jpg 1764w, https:\/\/diarioregionaldigital.com.br\/wp-content\/uploads\/2019\/04\/fotob-16-300x200.jpg 300w, https:\/\/diarioregionaldigital.com.br\/wp-content\/uploads\/2019\/04\/fotob-16-768x512.jpg 768w, https:\/\/diarioregionaldigital.com.br\/wp-content\/uploads\/2019\/04\/fotob-16-1024x682.jpg 1024w, https:\/\/diarioregionaldigital.com.br\/wp-content\/uploads\/2019\/04\/fotob-16-360x240.jpg 360w\" sizes=\"auto, (max-width: 680px) 100vw, 680px\" \/><p id=\"caption-attachment-138746\" class=\"wp-caption-text\">No Ritz durante o coquetel de lan\u00e7amento do Guia Tur\u00edstico de JF, o organizador Marcelo Cruz e o chargista Andr\u00e9 Ribeiro<\/p><\/div>\n<div id=\"attachment_138747\" style=\"width: 690px\" class=\"wp-caption aligncenter\"><img loading=\"lazy\" decoding=\"async\" aria-describedby=\"caption-attachment-138747\" class=\"wp-image-138747\" src=\"https:\/\/diarioregionaldigital.com.br\/wp-content\/uploads\/2019\/04\/fotoc-16.jpg\" alt=\"\" width=\"680\" height=\"459\" srcset=\"https:\/\/diarioregionaldigital.com.br\/wp-content\/uploads\/2019\/04\/fotoc-16.jpg 1752w, https:\/\/diarioregionaldigital.com.br\/wp-content\/uploads\/2019\/04\/fotoc-16-300x202.jpg 300w, https:\/\/diarioregionaldigital.com.br\/wp-content\/uploads\/2019\/04\/fotoc-16-768x518.jpg 768w, https:\/\/diarioregionaldigital.com.br\/wp-content\/uploads\/2019\/04\/fotoc-16-1024x691.jpg 1024w, https:\/\/diarioregionaldigital.com.br\/wp-content\/uploads\/2019\/04\/fotoc-16-360x243.jpg 360w\" sizes=\"auto, (max-width: 680px) 100vw, 680px\" \/><p id=\"caption-attachment-138747\" class=\"wp-caption-text\">Na C\u00e2mara Municipal, gente de atitude com M\u00e1rcio Alves, Jos\u00e9 Soter Figueiroa e K\u00e1tia Mendes Borges<\/p><\/div>\n<div id=\"attachment_138748\" style=\"width: 690px\" class=\"wp-caption aligncenter\"><img loading=\"lazy\" decoding=\"async\" aria-describedby=\"caption-attachment-138748\" class=\"wp-image-138748\" src=\"https:\/\/diarioregionaldigital.com.br\/wp-content\/uploads\/2019\/04\/fotod-10.jpg\" alt=\"\" width=\"680\" height=\"489\" srcset=\"https:\/\/diarioregionaldigital.com.br\/wp-content\/uploads\/2019\/04\/fotod-10.jpg 1576w, https:\/\/diarioregionaldigital.com.br\/wp-content\/uploads\/2019\/04\/fotod-10-300x216.jpg 300w, https:\/\/diarioregionaldigital.com.br\/wp-content\/uploads\/2019\/04\/fotod-10-768x553.jpg 768w, https:\/\/diarioregionaldigital.com.br\/wp-content\/uploads\/2019\/04\/fotod-10-1024x737.jpg 1024w, https:\/\/diarioregionaldigital.com.br\/wp-content\/uploads\/2019\/04\/fotod-10-360x259.jpg 360w\" sizes=\"auto, (max-width: 680px) 100vw, 680px\" \/><p id=\"caption-attachment-138748\" class=\"wp-caption-text\">Em ritmo de sonata de outono, Wania Sarmento e Eduardo Lisboa<\/p><\/div>\n<div id=\"attachment_138749\" style=\"width: 690px\" class=\"wp-caption aligncenter\"><img loading=\"lazy\" decoding=\"async\" aria-describedby=\"caption-attachment-138749\" class=\"wp-image-138749\" src=\"https:\/\/diarioregionaldigital.com.br\/wp-content\/uploads\/2019\/04\/fotoe-12-e1556053043290.jpg\" alt=\"\" width=\"680\" height=\"472\" srcset=\"https:\/\/diarioregionaldigital.com.br\/wp-content\/uploads\/2019\/04\/fotoe-12-e1556053043290.jpg 1690w, https:\/\/diarioregionaldigital.com.br\/wp-content\/uploads\/2019\/04\/fotoe-12-e1556053043290-300x208.jpg 300w, https:\/\/diarioregionaldigital.com.br\/wp-content\/uploads\/2019\/04\/fotoe-12-e1556053043290-768x533.jpg 768w, https:\/\/diarioregionaldigital.com.br\/wp-content\/uploads\/2019\/04\/fotoe-12-e1556053043290-1024x710.jpg 1024w, https:\/\/diarioregionaldigital.com.br\/wp-content\/uploads\/2019\/04\/fotoe-12-e1556053043290-360x250.jpg 360w, https:\/\/diarioregionaldigital.com.br\/wp-content\/uploads\/2019\/04\/fotoe-12-e1556053043290-100x70.jpg 100w\" sizes=\"auto, (max-width: 680px) 100vw, 680px\" \/><p id=\"caption-attachment-138749\" class=\"wp-caption-text\">Mulheres empoderadas na Est\u00e2ncia Dom Vi\u00e7oso, Erika Megma e Francele Galil<\/p><\/div>\n<div id=\"attachment_138750\" style=\"width: 690px\" class=\"wp-caption aligncenter\"><img loading=\"lazy\" decoding=\"async\" aria-describedby=\"caption-attachment-138750\" class=\"wp-image-138750\" src=\"https:\/\/diarioregionaldigital.com.br\/wp-content\/uploads\/2019\/04\/fotof-14-e1556053074229.jpg\" alt=\"\" width=\"680\" height=\"531\" srcset=\"https:\/\/diarioregionaldigital.com.br\/wp-content\/uploads\/2019\/04\/fotof-14-e1556053074229.jpg 1078w, https:\/\/diarioregionaldigital.com.br\/wp-content\/uploads\/2019\/04\/fotof-14-e1556053074229-300x234.jpg 300w, https:\/\/diarioregionaldigital.com.br\/wp-content\/uploads\/2019\/04\/fotof-14-e1556053074229-768x599.jpg 768w, https:\/\/diarioregionaldigital.com.br\/wp-content\/uploads\/2019\/04\/fotof-14-e1556053074229-1024x799.jpg 1024w, https:\/\/diarioregionaldigital.com.br\/wp-content\/uploads\/2019\/04\/fotof-14-e1556053074229-360x281.jpg 360w\" sizes=\"auto, (max-width: 680px) 100vw, 680px\" \/><p id=\"caption-attachment-138750\" class=\"wp-caption-text\">Ex-modelos JZ na noite do Cultural, Cl\u00e1udia Torga e Fabiana Ballesteros<\/p><\/div>\n<div id=\"attachment_138751\" style=\"width: 690px\" class=\"wp-caption aligncenter\"><img loading=\"lazy\" decoding=\"async\" aria-describedby=\"caption-attachment-138751\" class=\"wp-image-138751\" src=\"https:\/\/diarioregionaldigital.com.br\/wp-content\/uploads\/2019\/04\/fotog-14.jpg\" alt=\"\" width=\"680\" height=\"451\" srcset=\"https:\/\/diarioregionaldigital.com.br\/wp-content\/uploads\/2019\/04\/fotog-14.jpg 1578w, https:\/\/diarioregionaldigital.com.br\/wp-content\/uploads\/2019\/04\/fotog-14-300x199.jpg 300w, https:\/\/diarioregionaldigital.com.br\/wp-content\/uploads\/2019\/04\/fotog-14-768x509.jpg 768w, https:\/\/diarioregionaldigital.com.br\/wp-content\/uploads\/2019\/04\/fotog-14-1024x679.jpg 1024w, https:\/\/diarioregionaldigital.com.br\/wp-content\/uploads\/2019\/04\/fotog-14-360x239.jpg 360w\" sizes=\"auto, (max-width: 680px) 100vw, 680px\" \/><p id=\"caption-attachment-138751\" class=\"wp-caption-text\">Na Esta\u00e7\u00e3o Gril curtindo drinks mafiosos, Ronaldo Viana e Toninho Cunha<\/p><\/div>\n<div id=\"attachment_138752\" style=\"width: 690px\" class=\"wp-caption aligncenter\"><img loading=\"lazy\" decoding=\"async\" aria-describedby=\"caption-attachment-138752\" class=\"wp-image-138752\" src=\"https:\/\/diarioregionaldigital.com.br\/wp-content\/uploads\/2019\/04\/fotoh-10-e1556053138879.jpg\" alt=\"\" width=\"680\" height=\"506\" srcset=\"https:\/\/diarioregionaldigital.com.br\/wp-content\/uploads\/2019\/04\/fotoh-10-e1556053138879.jpg 960w, https:\/\/diarioregionaldigital.com.br\/wp-content\/uploads\/2019\/04\/fotoh-10-e1556053138879-300x223.jpg 300w, https:\/\/diarioregionaldigital.com.br\/wp-content\/uploads\/2019\/04\/fotoh-10-e1556053138879-768x572.jpg 768w, https:\/\/diarioregionaldigital.com.br\/wp-content\/uploads\/2019\/04\/fotoh-10-e1556053138879-360x268.jpg 360w\" sizes=\"auto, (max-width: 680px) 100vw, 680px\" \/><p id=\"caption-attachment-138752\" class=\"wp-caption-text\">Nos bastidores do Festeja\/JF, o chef Ant\u00f4nio de P\u00e1dua Jun\u00e3o e Dilsinho<\/p><\/div>\n<div id=\"attachment_138753\" style=\"width: 690px\" class=\"wp-caption aligncenter\"><img loading=\"lazy\" decoding=\"async\" aria-describedby=\"caption-attachment-138753\" class=\"wp-image-138753\" src=\"https:\/\/diarioregionaldigital.com.br\/wp-content\/uploads\/2019\/04\/fotoi-7-e1556053244724.jpg\" alt=\"\" width=\"680\" height=\"476\" srcset=\"https:\/\/diarioregionaldigital.com.br\/wp-content\/uploads\/2019\/04\/fotoi-7-e1556053244724.jpg 1151w, https:\/\/diarioregionaldigital.com.br\/wp-content\/uploads\/2019\/04\/fotoi-7-e1556053244724-300x210.jpg 300w, https:\/\/diarioregionaldigital.com.br\/wp-content\/uploads\/2019\/04\/fotoi-7-e1556053244724-768x538.jpg 768w, https:\/\/diarioregionaldigital.com.br\/wp-content\/uploads\/2019\/04\/fotoi-7-e1556053244724-1024x717.jpg 1024w, https:\/\/diarioregionaldigital.com.br\/wp-content\/uploads\/2019\/04\/fotoi-7-e1556053244724-360x252.jpg 360w, https:\/\/diarioregionaldigital.com.br\/wp-content\/uploads\/2019\/04\/fotoi-7-e1556053244724-100x70.jpg 100w\" sizes=\"auto, (max-width: 680px) 100vw, 680px\" \/><p id=\"caption-attachment-138753\" class=\"wp-caption-text\">Gente empreendedora com Marcelle Oliveira (MultSa\u00fade) e Clodoaldo Nascimento (Yes Idiomas)<\/p><\/div>\n<div id=\"attachment_138744\" style=\"width: 690px\" class=\"wp-caption aligncenter\"><img loading=\"lazy\" decoding=\"async\" aria-describedby=\"caption-attachment-138744\" class=\"wp-image-138744\" src=\"https:\/\/diarioregionaldigital.com.br\/wp-content\/uploads\/2019\/04\/fotoaa-10-e1556052958504.jpg\" alt=\"\" width=\"680\" height=\"462\" srcset=\"https:\/\/diarioregionaldigital.com.br\/wp-content\/uploads\/2019\/04\/fotoaa-10-e1556052958504.jpg 957w, https:\/\/diarioregionaldigital.com.br\/wp-content\/uploads\/2019\/04\/fotoaa-10-e1556052958504-300x204.jpg 300w, https:\/\/diarioregionaldigital.com.br\/wp-content\/uploads\/2019\/04\/fotoaa-10-e1556052958504-768x522.jpg 768w, https:\/\/diarioregionaldigital.com.br\/wp-content\/uploads\/2019\/04\/fotoaa-10-e1556052958504-360x245.jpg 360w\" sizes=\"auto, (max-width: 680px) 100vw, 680px\" \/><p id=\"caption-attachment-138744\" class=\"wp-caption-text\">Na Mesa de Debates, sucesso no YouTube, os not\u00e1veis Ronald Platz, Mauro Cruz, Caio Zoia, Margareth Marinho e Jos\u00e9 Roberto Abramo<\/p><\/div>\n<p style=\"text-align: center;\"><strong>FOTOSS\u00cdNTESE<\/strong><\/p>\n<p>Ber\u00e7o de mobili\u00e1rio de qualidade em Juiz de Fora, a Conceito Sier no Cascatinha serve de cen\u00e1rio para o \u201cStudio do casal\u201d, assinado pela arquiteta Fernanda Rubatino.<\/p>\n<p>Em maio este colunista promove o fino evento \u201cMulheres e Homens de Ouro\u201d. Breve detalhes.<\/p>\n<p>Mesmo com a trag\u00e9dia das chuvas, o Rio de Janeiro continua lindo.<\/p>\n<p>Quando maio chegar, a bel\u00edssima Emilainy Werneck vai receber para coquetel na Akasa. Na oportunidade, este colunista a convite dela estar\u00e1 coroando a modelo do ano 2018, como Musa Minas Gerais.<\/p>\n<p>A bonita jornalista e blogueira Mariana Noronha vai festejar anivers\u00e1rio com festa dia 11 de maio, \u00e0s 15h, no Fazendinhas Prainha de Monte Verde.<\/p>\n<p>Ser\u00e1 dia 26, no Rocket, a Festa Trof\u00e9u Celebridades promovida por Hudsson Lagrotta. Este colunista ser\u00e1 homenageado pelos servi\u00e7os prestados ao Di\u00e1rio Regional on-line.<\/p>\n<p>Agendando para o dia 29, \u00e0s 18h, no Audit\u00f3rio Paulo Freire, na Av. Get\u00falio Vargas, n\u00ba 200, o evento Ciclo de Debates &#8211; Entre que a Casa \u00e9 Sua. As palestras Crononutri\u00e7\u00e3o ser\u00e1 com L\u00edvia Botelho Sarkis e As Sete Chaves para o Sucesso na \u00c1rea de Sa\u00fade com a fisioterapeuta Patr\u00edcia Cardoso. O Aval \u00e9 da CRN.<\/p>\n<p>Bonita e radiante a estudante J\u00falia Porto venceu o concurso Miss Plus Size e vai concorrer a etapa estadual em julho.<\/p>\n<p>O talentoso Sebasti\u00e3o Rocha Reis (Pury) est\u00e1 expondo no Forum da Cultura a mostra Bambus, com t\u00e9cnicas cubistas.<\/p>\n<p>Rodrigo Tortoriello, depois de passar pelo comando da Setra, agora segue para Porto Alegre onde ter\u00e1 fun\u00e7\u00e3o na Secretaria de Infraestrutura e Mobilidade Urbana.<\/p>\n<p>Presta aten\u00e7\u00e3o: \u201c\u00c9 durante as fases de maior adversidade que surgem as grandes oportunidade de se fazer o bem a si mesmo e aos outros\u201d. (Dalai Lama). Bom dia.<\/p>\n<p><img loading=\"lazy\" decoding=\"async\" class=\"aligncenter size-full wp-image-138760\" src=\"https:\/\/diarioregionaldigital.com.br\/wp-content\/uploads\/2019\/04\/Fashion_6x205.jpg\" alt=\"\" width=\"3484\" height=\"1774\" srcset=\"https:\/\/diarioregionaldigital.com.br\/wp-content\/uploads\/2019\/04\/Fashion_6x205.jpg 3484w, https:\/\/diarioregionaldigital.com.br\/wp-content\/uploads\/2019\/04\/Fashion_6x205-300x153.jpg 300w, https:\/\/diarioregionaldigital.com.br\/wp-content\/uploads\/2019\/04\/Fashion_6x205-768x391.jpg 768w, https:\/\/diarioregionaldigital.com.br\/wp-content\/uploads\/2019\/04\/Fashion_6x205-1024x521.jpg 1024w, https:\/\/diarioregionaldigital.com.br\/wp-content\/uploads\/2019\/04\/Fashion_6x205-360x183.jpg 360w\" sizes=\"auto, (max-width: 3484px) 100vw, 3484px\" \/><\/p>\n","protected":false},"excerpt":{"rendered":"<p>No Museu Ap\u00f3s dez anos da primeira edi\u00e7\u00e3o do \u201cSafari Fotogr\u00e1fico\u201d, ele est\u00e1 de volta e, a Funda\u00e7\u00e3o Museu Mariano Proc\u00f3pio promover\u00e1 a segunda Edi\u00e7\u00e3o do evento que pretende reunir fot\u00f3grafos e amantes da fotografia para produ\u00e7\u00e3o de imagens utilizando v\u00e1rios espa\u00e7os da institui\u00e7\u00e3o. O evento tem parceria com o Foto Pav\u00e3o e os participantes [&hellip;]<\/p>\n","protected":false},"author":96,"featured_media":138745,"comment_status":"closed","ping_status":"closed","sticky":false,"template":"","format":"standard","meta":{"footnotes":""},"categories":[264],"tags":[],"class_list":["post-138757","post","type-post","status-publish","format-standard","has-post-thumbnail","hentry","category-eduardo-gomes"],"_links":{"self":[{"href":"https:\/\/diarioregionaldigital.com.br\/index.php?rest_route=\/wp\/v2\/posts\/138757","targetHints":{"allow":["GET"]}}],"collection":[{"href":"https:\/\/diarioregionaldigital.com.br\/index.php?rest_route=\/wp\/v2\/posts"}],"about":[{"href":"https:\/\/diarioregionaldigital.com.br\/index.php?rest_route=\/wp\/v2\/types\/post"}],"author":[{"embeddable":true,"href":"https:\/\/diarioregionaldigital.com.br\/index.php?rest_route=\/wp\/v2\/users\/96"}],"replies":[{"embeddable":true,"href":"https:\/\/diarioregionaldigital.com.br\/index.php?rest_route=%2Fwp%2Fv2%2Fcomments&post=138757"}],"version-history":[{"count":0,"href":"https:\/\/diarioregionaldigital.com.br\/index.php?rest_route=\/wp\/v2\/posts\/138757\/revisions"}],"wp:featuredmedia":[{"embeddable":true,"href":"https:\/\/diarioregionaldigital.com.br\/index.php?rest_route=\/wp\/v2\/media\/138745"}],"wp:attachment":[{"href":"https:\/\/diarioregionaldigital.com.br\/index.php?rest_route=%2Fwp%2Fv2%2Fmedia&parent=138757"}],"wp:term":[{"taxonomy":"category","embeddable":true,"href":"https:\/\/diarioregionaldigital.com.br\/index.php?rest_route=%2Fwp%2Fv2%2Fcategories&post=138757"},{"taxonomy":"post_tag","embeddable":true,"href":"https:\/\/diarioregionaldigital.com.br\/index.php?rest_route=%2Fwp%2Fv2%2Ftags&post=138757"}],"curies":[{"name":"wp","href":"https:\/\/api.w.org\/{rel}","templated":true}]}}