{"id":138739,"date":"2019-04-23T16:59:10","date_gmt":"2019-04-23T19:59:10","guid":{"rendered":"https:\/\/diarioregionaldigital.com.br\/?p=138739"},"modified":"2019-04-23T16:59:10","modified_gmt":"2019-04-23T19:59:10","slug":"stj-comeca-julgamento-de-recurso-contra-condenacao-de-lula","status":"publish","type":"post","link":"https:\/\/diarioregionaldigital.com.br\/?p=138739","title":{"rendered":"STJ come\u00e7a julgamento de recurso contra condena\u00e7\u00e3o de Lula"},"content":{"rendered":"<p>A Quinta Turma do Superior Tribunal de Justi\u00e7a (STJ) come\u00e7ou a julgar h\u00e1 pouco recurso apresentado pela defesa do ex-presidente Luiz In\u00e1cio Lula da Silva para anular a condena\u00e7\u00e3o no caso do triplex do Guaruj\u00e1 (SP).<\/p>\n<p>Pela condena\u00e7\u00e3o, Lula est\u00e1 preso desde abril do ano passado na carceragem da Superintend\u00eancia da Pol\u00edcia Federal (PF) em Curitiba. A pris\u00e3o foi determinada pelo ent\u00e3o juiz Sergio Moro, com base no entendimento do Supremo Tribunal Federal (STF) que autorizou a pris\u00e3o ap\u00f3s o fim de recursos na segunda inst\u00e2ncia da Justi\u00e7a.<\/p>\n<p>No in\u00edcio da sess\u00e3o devem ser discutidas diversas preliminares de nulidade do caso. Em seguida, o m\u00e9rito da condena\u00e7\u00e3o deve ser analisado.<\/p>\n<p>O caso foi colocado para julgamento durante a sess\u00e3o pelo relator, ministro Felix Fischer. Tamb\u00e9m fazem parte do colegiado os ministros Jorge Mussi, Reynaldo Soares da Fonseca e Ribeiro Dantas.<\/p>\n<p>O ministro Joel Ilan Paciornik se declarou suspeito para julgar todas as causas relacionadas com a Opera\u00e7\u00e3o Lava Jato e n\u00e3o participa do julgamento.<\/p>\n<h2>Condena\u00e7\u00e3o<\/h2>\n<p>Lula foi condenado sob a acusa\u00e7\u00e3o de receber um apartamento tr\u00edplex no Guaruj\u00e1 da Construtora OAS. O total de vantagens indevidas, segundo a acusa\u00e7\u00e3o, somando reformas no im\u00f3vel, foi de mais de R$ 3,7 milh\u00f5es. A condena\u00e7\u00e3o do ex-presidente foi pelos crimes de corrup\u00e7\u00e3o e lavagem de dinheiro.<\/p>\n<p>Na senten\u00e7a, Lula foi condenado a 9 anos e seis meses de pris\u00e3o pelo ent\u00e3o juiz Sergio Moro, que julgou que as vantagens recebidas estavam relacionadas a desvios na Petrobras. A pena foi depois aumentada pelo Tribunal Regional Federal da 4\u00aa Regi\u00e3o (TRF4), segunda inst\u00e2ncia da Justi\u00e7a Federal, para 12 anos e um m\u00eas de pris\u00e3o &#8211; 8 anos e 4 meses pelo crime de corrup\u00e7\u00e3o passiva e 3 anos e 9 meses por lavagem de dinheiro.<\/p>\n<p>Fonte: Ag\u00eancia Brasil<\/p>\n","protected":false},"excerpt":{"rendered":"<p>A Quinta Turma do Superior Tribunal de Justi\u00e7a (STJ) come\u00e7ou a julgar h\u00e1 pouco recurso apresentado pela defesa do ex-presidente Luiz In\u00e1cio Lula da Silva para anular a condena\u00e7\u00e3o no caso do triplex do Guaruj\u00e1 (SP). Pela condena\u00e7\u00e3o, Lula est\u00e1 preso desde abril do ano passado na carceragem da Superintend\u00eancia da Pol\u00edcia Federal (PF) em [&hellip;]<\/p>\n","protected":false},"author":96,"featured_media":138740,"comment_status":"closed","ping_status":"closed","sticky":false,"template":"","format":"standard","meta":{"footnotes":""},"categories":[302,436,439],"tags":[],"class_list":["post-138739","post","type-post","status-publish","format-standard","has-post-thumbnail","hentry","category-brasil-mundo","category-destaque-da-semana","category-ultima-hora"],"_links":{"self":[{"href":"https:\/\/diarioregionaldigital.com.br\/index.php?rest_route=\/wp\/v2\/posts\/138739","targetHints":{"allow":["GET"]}}],"collection":[{"href":"https:\/\/diarioregionaldigital.com.br\/index.php?rest_route=\/wp\/v2\/posts"}],"about":[{"href":"https:\/\/diarioregionaldigital.com.br\/index.php?rest_route=\/wp\/v2\/types\/post"}],"author":[{"embeddable":true,"href":"https:\/\/diarioregionaldigital.com.br\/index.php?rest_route=\/wp\/v2\/users\/96"}],"replies":[{"embeddable":true,"href":"https:\/\/diarioregionaldigital.com.br\/index.php?rest_route=%2Fwp%2Fv2%2Fcomments&post=138739"}],"version-history":[{"count":0,"href":"https:\/\/diarioregionaldigital.com.br\/index.php?rest_route=\/wp\/v2\/posts\/138739\/revisions"}],"wp:featuredmedia":[{"embeddable":true,"href":"https:\/\/diarioregionaldigital.com.br\/index.php?rest_route=\/wp\/v2\/media\/138740"}],"wp:attachment":[{"href":"https:\/\/diarioregionaldigital.com.br\/index.php?rest_route=%2Fwp%2Fv2%2Fmedia&parent=138739"}],"wp:term":[{"taxonomy":"category","embeddable":true,"href":"https:\/\/diarioregionaldigital.com.br\/index.php?rest_route=%2Fwp%2Fv2%2Fcategories&post=138739"},{"taxonomy":"post_tag","embeddable":true,"href":"https:\/\/diarioregionaldigital.com.br\/index.php?rest_route=%2Fwp%2Fv2%2Ftags&post=138739"}],"curies":[{"name":"wp","href":"https:\/\/api.w.org\/{rel}","templated":true}]}}