{"id":138732,"date":"2019-04-23T19:30:43","date_gmt":"2019-04-23T22:30:43","guid":{"rendered":"https:\/\/diarioregionaldigital.com.br\/?p=138732"},"modified":"2019-04-23T19:31:57","modified_gmt":"2019-04-23T22:31:57","slug":"mais-de-quatro-mil-pessoas-foram-imunizadas-na-primeira-fase-da-campanha-contra-a-gripe-em-juiz-de-fora","status":"publish","type":"post","link":"https:\/\/diarioregionaldigital.com.br\/?p=138732","title":{"rendered":"Mais de quatro mil pessoas foram imunizadas na primeira fase da campanha contra a gripe em Juiz de Fora"},"content":{"rendered":"<p>De acordo com o resultado parcial do setor de Imuniza\u00e7\u00e3o do Departamento de Vigil\u00e2ncia Epidemiol\u00f3gica e Ambiental (Dvea) da Secretaria de Sa\u00fade (SS) da Prefeitura de Juiz de Fora (PJF), mais de quatro mil doses da vacina de imuniza\u00e7\u00e3o contra a gripe foram administradas no munic\u00edpio.<\/p>\n<p>Ao todo, foram 4.609 doses, sendo 3.344 aplicadas em crian\u00e7as na faixa et\u00e1ria de seis meses a 5 anos, 11 meses e 29 dias, e 725 em gestantes.A primeira fase da campanha teve dura\u00e7\u00e3o de seis dias na cidade. Com isso, a cobertura vacinal nesse primeiro per\u00edodo de campanha, referente a esse p\u00fablico, \u00e9 de 10,19% e 15,45%, respectivamente.<\/p>\n<p>A segunda fase de imuniza\u00e7\u00e3o come\u00e7ou no \u00faltimo dia 22, segunda-feira, sendo realizada a vacina\u00e7\u00e3o de todos os grupos priorit\u00e1rios, sendo eles: os idosos, pu\u00e9rperas, que s\u00e3o mulheres com at\u00e9 45 dias p\u00f3s-parto, trabalhadores da sa\u00fade, doentes cr\u00f4nicos (dentro do grupo das comorbidades preconizadas pelo MS e com receita m\u00e9dica), professores das redes p\u00fablica e particular, popula\u00e7\u00e3o privada de liberdade e funcion\u00e1rios do sistema prisional.\u00a0Crian\u00e7as e gestantes tamb\u00e9m poder\u00e3o buscar unidades de sa\u00fade para continuarem sendo vacinadas.Al\u00e9mdisso, durante esse per\u00edodo, ocorrer\u00e1 a atualiza\u00e7\u00e3o da Caderneta de Vacina\u00e7\u00e3o de crian\u00e7as de 6 meses at\u00e9 5 anos, 11 meses e 29 dias e gestantes, conforme a situa\u00e7\u00e3o vacinal encontrada e as indica\u00e7\u00f5es do Calend\u00e1rio Nacional de Vacina\u00e7\u00e3o.<\/p>\n<p>A vacina ofertada \u00e9 a trivalente, que protege contra os tr\u00eas subtipos do Influenza: H1N1, H3N2 e influenza B. A formula\u00e7\u00e3o utiliza v\u00edrus inativados, ou seja, mortos, e, por isso, \u00e9 muito segura. A dose \u00e9 contraindicada para pessoas que t\u00eam alergia grave a ovo de galinha.<\/p>\n<p>Segundo a Secretaria de Sa\u00fade, Juiz de Fora traz novidades durante a campanha. A vacina para o grupo de idosos ser\u00e1 oferecida n\u00e3o s\u00f3 nas 63 unidades b\u00e1sicas de Sa\u00fade (UBS), mas tamb\u00e9m no Departamento de Sa\u00fade do Idoso (DSI). Para este grupo, a vacina n\u00e3o ser\u00e1 mais oferecida para este grupo no Pronto Atendimento M\u00e9dico (PAM) Marechal. O DSI fica na Rua Batista de Oliveira, 943, Centro, e a vacina ser\u00e1 oferecida de segunda a sexta-feira, entre 8 horas e 15h30.<\/p>\n<p>J\u00e1 os demais grupos priorit\u00e1rios poder\u00e3o procurar uma das 63 UBS da cidade, de segunda a sexta-feira, entre 8 horas e 10h30 e das 13 horas \u00e0s 16h30. Ou, se preferirem, ir at\u00e9 o PAM Marechal \u2013 3\u00b0 andar, entre 8 horas e 16h30.<\/p>\n<p>A SS informa que gestantes e crian\u00e7as tamb\u00e9m podem procurar o Departamento de Sa\u00fade da Crian\u00e7a e do Adolescente (DSCA), na Rua S\u00e3o Sebasti\u00e3o, 722, Centro, entre 8 horas e 15h30.<\/p>\n<p>Os moradores que residem em bairro com cobertura de UBS devem fazer o agendamento na pr\u00f3pria unidade. J\u00e1 aqueles que moram fora das \u00e1reas de cobertura devem entrar em contato com o setor de imuniza\u00e7\u00e3o, atrav\u00e9s do telefone 3214-4180, para agendamento.<\/p>\n<p>A campanha acontece at\u00e9 31 de maio e o Dia D ser\u00e1 no dia 4 de maio, s\u00e1bado.<\/p>\n<p>&nbsp;<\/p>\n<p><strong>Hor\u00e1rio de funcionamento das salas de vacina\u00e7\u00e3o (segunda a sexta-feira):<\/strong><\/p>\n<ul>\n<li>Unidades b\u00e1sicas de Sa\u00fade: 8 horas \u00e0s 10h30 e 13 horas \u00e0s 16h30 \u2013 Todos os grupos priorit\u00e1rios.<\/li>\n<li>Departamento de Sa\u00fade da Crian\u00e7a e do Adolescente: 8 horas \u00e0s 15h30 \u2013 Rua S\u00e3o Sebasti\u00e3o, 772 \u2013 Crian\u00e7as, gestantes e pu\u00e9rperas<\/li>\n<li>Departamento de Sa\u00fade do Idoso: 8 horas \u00e0s 15h30 \u2013 Rua Batista de Oliveira, 943 \u2013 Somente idosos<\/li>\n<li>PAM Marechal: 8 horas \u00e0s 16h30 \u2013 Sala de vacina\u00e7\u00e3o no 3\u00b0 andar \u2013 Todos os grupos priorit\u00e1rios, menos idosos.<\/li>\n<\/ul>\n<p>&nbsp;<\/p>\n","protected":false},"excerpt":{"rendered":"<p>De acordo com o resultado parcial do setor de Imuniza\u00e7\u00e3o do Departamento de Vigil\u00e2ncia Epidemiol\u00f3gica e Ambiental (Dvea) da Secretaria de Sa\u00fade (SS) da Prefeitura de Juiz de Fora (PJF), mais de quatro mil doses da vacina de imuniza\u00e7\u00e3o contra a gripe foram administradas no munic\u00edpio. Ao todo, foram 4.609 doses, sendo 3.344 aplicadas em [&hellip;]<\/p>\n","protected":false},"author":96,"featured_media":138733,"comment_status":"closed","ping_status":"closed","sticky":false,"template":"","format":"standard","meta":{"footnotes":""},"categories":[253,436,440,439],"tags":[],"class_list":["post-138732","post","type-post","status-publish","format-standard","has-post-thumbnail","hentry","category-cidade","category-destaque-da-semana","category-destaques-do-dia","category-ultima-hora"],"_links":{"self":[{"href":"https:\/\/diarioregionaldigital.com.br\/index.php?rest_route=\/wp\/v2\/posts\/138732","targetHints":{"allow":["GET"]}}],"collection":[{"href":"https:\/\/diarioregionaldigital.com.br\/index.php?rest_route=\/wp\/v2\/posts"}],"about":[{"href":"https:\/\/diarioregionaldigital.com.br\/index.php?rest_route=\/wp\/v2\/types\/post"}],"author":[{"embeddable":true,"href":"https:\/\/diarioregionaldigital.com.br\/index.php?rest_route=\/wp\/v2\/users\/96"}],"replies":[{"embeddable":true,"href":"https:\/\/diarioregionaldigital.com.br\/index.php?rest_route=%2Fwp%2Fv2%2Fcomments&post=138732"}],"version-history":[{"count":0,"href":"https:\/\/diarioregionaldigital.com.br\/index.php?rest_route=\/wp\/v2\/posts\/138732\/revisions"}],"wp:featuredmedia":[{"embeddable":true,"href":"https:\/\/diarioregionaldigital.com.br\/index.php?rest_route=\/wp\/v2\/media\/138733"}],"wp:attachment":[{"href":"https:\/\/diarioregionaldigital.com.br\/index.php?rest_route=%2Fwp%2Fv2%2Fmedia&parent=138732"}],"wp:term":[{"taxonomy":"category","embeddable":true,"href":"https:\/\/diarioregionaldigital.com.br\/index.php?rest_route=%2Fwp%2Fv2%2Fcategories&post=138732"},{"taxonomy":"post_tag","embeddable":true,"href":"https:\/\/diarioregionaldigital.com.br\/index.php?rest_route=%2Fwp%2Fv2%2Ftags&post=138732"}],"curies":[{"name":"wp","href":"https:\/\/api.w.org\/{rel}","templated":true}]}}