{"id":138725,"date":"2019-04-23T15:41:39","date_gmt":"2019-04-23T18:41:39","guid":{"rendered":"https:\/\/diarioregionaldigital.com.br\/?p=138725"},"modified":"2019-04-23T15:41:39","modified_gmt":"2019-04-23T18:41:39","slug":"ministro-felix-fischer-vota-por-reduzir-pena-de-lula-no-caso-triplex","status":"publish","type":"post","link":"https:\/\/diarioregionaldigital.com.br\/?p=138725","title":{"rendered":"Ministro Felix Fischer vota por reduzir pena de Lula no caso tr\u00edplex"},"content":{"rendered":"<p>O ministro do Superior Tribunal de Justi\u00e7a (STJ) Felix Fischer votou nesta ter\u00e7a-feira, 23, para reduzir a condena\u00e7\u00e3o do\u00a0 ex-presidente Luiz In\u00e1cio Lula da Silva no caso do tr\u00edplex do Guaruj\u00e1 (SP). Fischer \u00e9 o relator do caso e entendeu que a pena de Lula deve ser de oito anos e 10 meses de pris\u00e3o, a n\u00e3o de 12 anos e um m\u00eas de pris\u00e3o, como foi definido pela segunda inst\u00e2ncia da Justi\u00e7a Federal.<\/p>\n<p>Em outra parte do voto, no entanto, o relator negou pedidos da defesa, por entender que n\u00e3o houve ilegalidades processuais. A defesa queria a juntada de novas provas, constesta\u00e7\u00e3o de acordo da Opera\u00e7\u00e3o Lava Jato com os Estados Unidos, al\u00e9m da remessa do processo para a Justi\u00e7a Eleitoral e a suspei\u00e7\u00e3o do ex-juiz Sergio Moro para julgar o caso e a suposta atua\u00e7\u00e3o abusiva dos procuradores da opera\u00e7\u00e3o.<\/p>\n<p>Nesta tarde,\u00a0 a Quinta Turma do STJ julga recurso apresentado pela defesa do ex-presidente. O julgamento continua. Faltam os votos de quatro ministros.<\/p>\n<p>Condenado \u00e0 pena de 12 anos e um m\u00eas, Lula est\u00e1 preso desde abril do ano passado na carceragem da Superintend\u00eancia da Pol\u00edcia Federal (PF) em Curitiba. A pris\u00e3o foi determinada pelo ent\u00e3o juiz Sergio Moro, com base no entendimento do Supremo Tribunal Federal (STF) que autorizou a pris\u00e3o ap\u00f3s o fim de recursos na segunda inst\u00e2ncia da Justi\u00e7a.<\/p>\n<p>&nbsp;<\/p>\n<p>Fonte: Ag\u00eancia Brasil<\/p>\n","protected":false},"excerpt":{"rendered":"<p>O ministro do Superior Tribunal de Justi\u00e7a (STJ) Felix Fischer votou nesta ter\u00e7a-feira, 23, para reduzir a condena\u00e7\u00e3o do\u00a0 ex-presidente Luiz In\u00e1cio Lula da Silva no caso do tr\u00edplex do Guaruj\u00e1 (SP). Fischer \u00e9 o relator do caso e entendeu que a pena de Lula deve ser de oito anos e 10 meses de pris\u00e3o, [&hellip;]<\/p>\n","protected":false},"author":96,"featured_media":138726,"comment_status":"closed","ping_status":"closed","sticky":false,"template":"","format":"standard","meta":{"footnotes":""},"categories":[302,436,262,439],"tags":[],"class_list":["post-138725","post","type-post","status-publish","format-standard","has-post-thumbnail","hentry","category-brasil-mundo","category-destaque-da-semana","category-noticias","category-ultima-hora"],"_links":{"self":[{"href":"https:\/\/diarioregionaldigital.com.br\/index.php?rest_route=\/wp\/v2\/posts\/138725","targetHints":{"allow":["GET"]}}],"collection":[{"href":"https:\/\/diarioregionaldigital.com.br\/index.php?rest_route=\/wp\/v2\/posts"}],"about":[{"href":"https:\/\/diarioregionaldigital.com.br\/index.php?rest_route=\/wp\/v2\/types\/post"}],"author":[{"embeddable":true,"href":"https:\/\/diarioregionaldigital.com.br\/index.php?rest_route=\/wp\/v2\/users\/96"}],"replies":[{"embeddable":true,"href":"https:\/\/diarioregionaldigital.com.br\/index.php?rest_route=%2Fwp%2Fv2%2Fcomments&post=138725"}],"version-history":[{"count":0,"href":"https:\/\/diarioregionaldigital.com.br\/index.php?rest_route=\/wp\/v2\/posts\/138725\/revisions"}],"wp:featuredmedia":[{"embeddable":true,"href":"https:\/\/diarioregionaldigital.com.br\/index.php?rest_route=\/wp\/v2\/media\/138726"}],"wp:attachment":[{"href":"https:\/\/diarioregionaldigital.com.br\/index.php?rest_route=%2Fwp%2Fv2%2Fmedia&parent=138725"}],"wp:term":[{"taxonomy":"category","embeddable":true,"href":"https:\/\/diarioregionaldigital.com.br\/index.php?rest_route=%2Fwp%2Fv2%2Fcategories&post=138725"},{"taxonomy":"post_tag","embeddable":true,"href":"https:\/\/diarioregionaldigital.com.br\/index.php?rest_route=%2Fwp%2Fv2%2Ftags&post=138725"}],"curies":[{"name":"wp","href":"https:\/\/api.w.org\/{rel}","templated":true}]}}