{"id":138719,"date":"2019-04-23T15:28:37","date_gmt":"2019-04-23T18:28:37","guid":{"rendered":"https:\/\/diarioregionaldigital.com.br\/?p=138719"},"modified":"2019-04-23T15:28:37","modified_gmt":"2019-04-23T18:28:37","slug":"cpi-para-investigar-tragedia-de-brumadinho-sera-instalada-hoje","status":"publish","type":"post","link":"https:\/\/diarioregionaldigital.com.br\/?p=138719","title":{"rendered":"CPI para investigar trag\u00e9dia de Brumadinho ser\u00e1 instalada hoje"},"content":{"rendered":"<p>A reuni\u00e3o para instalar a Comiss\u00e3o Parlamentar de Inqu\u00e9rito (CPI) que vai investigar o rompimento da Barragem da Mina do Feij\u00e3o, em Brumadinho, est\u00e1 marcada para o in\u00edcio da tarde desta ter\u00e7a-feira, 23, quando devem ser escolhidos o presidente, vice-presidente e o relator. A CPI foi sugerida pelos deputados Joice Hasselmann (PSL-SP), Carlos Sampaio (PSDB-SP) e S\u00f3stenes Cavalcante (DEM-RJ).<\/p>\n<p>O despacho que autoriza a instala\u00e7\u00e3o, assinado pelo presidente da C\u00e2mara dos Deputados, Rodrigo Maia, foi lido em plen\u00e1rio na semana passada. A comiss\u00e3o ser\u00e1 composta por 43 titulares, com o mesmo n\u00famero de suplentes e, inicialmente, funcionar\u00e1 por 120 dias.<\/p>\n<p>Os deputados devem propor mudan\u00e7as na pol\u00edtica de seguran\u00e7a de barragens para aprimorar regras gerais de constru\u00e7\u00e3o e desativa\u00e7\u00e3o de \u00e1reas de rejeitos de minera\u00e7\u00e3o. Uma comiss\u00e3o externa para acompanhar o caso j\u00e1 est\u00e1 em funcionamento.<\/p>\n<p>O rompimento da barragem em Brumadinho ocorreu no dia 25 de janeiro. De acordo com os dados mais recentes da Defesa Civil de Minas Gerais, 231 pessoas morreram e 41 est\u00e3o desaparecidas.<\/p>\n<p>&nbsp;<\/p>\n<p>Fonte: Ag\u00eancia Brasil<\/p>\n","protected":false},"excerpt":{"rendered":"<p>A reuni\u00e3o para instalar a Comiss\u00e3o Parlamentar de Inqu\u00e9rito (CPI) que vai investigar o rompimento da Barragem da Mina do Feij\u00e3o, em Brumadinho, est\u00e1 marcada para o in\u00edcio da tarde desta ter\u00e7a-feira, 23, quando devem ser escolhidos o presidente, vice-presidente e o relator. A CPI foi sugerida pelos deputados Joice Hasselmann (PSL-SP), Carlos Sampaio (PSDB-SP) [&hellip;]<\/p>\n","protected":false},"author":96,"featured_media":138720,"comment_status":"closed","ping_status":"closed","sticky":false,"template":"","format":"standard","meta":{"footnotes":""},"categories":[302,436,262,439],"tags":[],"class_list":["post-138719","post","type-post","status-publish","format-standard","has-post-thumbnail","hentry","category-brasil-mundo","category-destaque-da-semana","category-noticias","category-ultima-hora"],"_links":{"self":[{"href":"https:\/\/diarioregionaldigital.com.br\/index.php?rest_route=\/wp\/v2\/posts\/138719","targetHints":{"allow":["GET"]}}],"collection":[{"href":"https:\/\/diarioregionaldigital.com.br\/index.php?rest_route=\/wp\/v2\/posts"}],"about":[{"href":"https:\/\/diarioregionaldigital.com.br\/index.php?rest_route=\/wp\/v2\/types\/post"}],"author":[{"embeddable":true,"href":"https:\/\/diarioregionaldigital.com.br\/index.php?rest_route=\/wp\/v2\/users\/96"}],"replies":[{"embeddable":true,"href":"https:\/\/diarioregionaldigital.com.br\/index.php?rest_route=%2Fwp%2Fv2%2Fcomments&post=138719"}],"version-history":[{"count":0,"href":"https:\/\/diarioregionaldigital.com.br\/index.php?rest_route=\/wp\/v2\/posts\/138719\/revisions"}],"wp:featuredmedia":[{"embeddable":true,"href":"https:\/\/diarioregionaldigital.com.br\/index.php?rest_route=\/wp\/v2\/media\/138720"}],"wp:attachment":[{"href":"https:\/\/diarioregionaldigital.com.br\/index.php?rest_route=%2Fwp%2Fv2%2Fmedia&parent=138719"}],"wp:term":[{"taxonomy":"category","embeddable":true,"href":"https:\/\/diarioregionaldigital.com.br\/index.php?rest_route=%2Fwp%2Fv2%2Fcategories&post=138719"},{"taxonomy":"post_tag","embeddable":true,"href":"https:\/\/diarioregionaldigital.com.br\/index.php?rest_route=%2Fwp%2Fv2%2Ftags&post=138719"}],"curies":[{"name":"wp","href":"https:\/\/api.w.org\/{rel}","templated":true}]}}