{"id":138716,"date":"2019-04-23T15:19:39","date_gmt":"2019-04-23T18:19:39","guid":{"rendered":"https:\/\/diarioregionaldigital.com.br\/?p=138716"},"modified":"2019-04-23T15:20:11","modified_gmt":"2019-04-23T18:20:11","slug":"demanda-domestica-por-voos-cresce-no-primeiro-trimestre-de-2019","status":"publish","type":"post","link":"https:\/\/diarioregionaldigital.com.br\/?p=138716","title":{"rendered":"Demanda dom\u00e9stica por voos cresce no primeiro trimestre de 2019"},"content":{"rendered":"<p>A demanda de passageiros por voos no mercado dom\u00e9stico no pa\u00eds cresceu 4,3% no primeiro trimestre deste ano em compara\u00e7\u00e3o com o mesmo per\u00edodo de 2018. O n\u00famero de passageiros transportados no mercado dom\u00e9stico entre janeiro e mar\u00e7o chegou a 24 milh\u00f5es, um aumento de cerca de um milh\u00e3o quando comparado com os tr\u00eas primeiros meses do ano passado.<\/p>\n<p>De janeiro a mar\u00e7o de 2019, a oferta de assentos dom\u00e9sticos subiu 3,4% na compara\u00e7\u00e3o com o mesmo per\u00edodo de 2018. Os dados foram divulgados hoje (23) pela Ag\u00eancia Nacional de Avia\u00e7\u00e3o Civil (Anac) no Relat\u00f3rio de Demanda e Oferta do Transporte A\u00e9reo.<\/p>\n<p>No m\u00eas de mar\u00e7o, a demanda dom\u00e9stica subiu 3,4% em compara\u00e7\u00e3o com o ano passado. A oferta teve alta de 2,2%.<\/p>\n<p>Tamb\u00e9m em mar\u00e7o, em rela\u00e7\u00e3o \u00e0 participa\u00e7\u00e3o do mercado dom\u00e9stico, as empresas brasileiras mantiveram a classifica\u00e7\u00e3o hist\u00f3rica com a Gol (34,1%) com a maior fatia do mercado, seguida pela Latam (31,8%), Azul (21,2%) e Avianca (12,6%).<\/p>\n<p>A Avianca, que est\u00e1 em recupera\u00e7\u00e3o judicial, teve redu\u00e7\u00e3o de 7,5% na demanda em mar\u00e7o, de acordo com o relat\u00f3rio da Anac.<\/p>\n<h2>Voos internacionais<\/h2>\n<p>No acumulado do primeiro trimestre de 2019, a demanda internacional cresceu 10,7% e a oferta de assentos aumentou 13,1%, em compara\u00e7\u00e3o com igual per\u00edodo de 2018.<\/p>\n<p>Em mar\u00e7o, a demanda internacional das empresas brasileiras apresentou aumento de 10,7%, enquanto a oferta cresceu 11,7%. No m\u00eas, foram transportados 801 mil passageiros pagos em voos internacionais.<\/p>\n<p>&nbsp;<\/p>\n<p>Fonte: Ag\u00eancia Brasil<\/p>\n","protected":false},"excerpt":{"rendered":"<p>A demanda de passageiros por voos no mercado dom\u00e9stico no pa\u00eds cresceu 4,3% no primeiro trimestre deste ano em compara\u00e7\u00e3o com o mesmo per\u00edodo de 2018. O n\u00famero de passageiros transportados no mercado dom\u00e9stico entre janeiro e mar\u00e7o chegou a 24 milh\u00f5es, um aumento de cerca de um milh\u00e3o quando comparado com os tr\u00eas primeiros [&hellip;]<\/p>\n","protected":false},"author":96,"featured_media":138717,"comment_status":"closed","ping_status":"closed","sticky":false,"template":"","format":"standard","meta":{"footnotes":""},"categories":[261,439],"tags":[],"class_list":["post-138716","post","type-post","status-publish","format-standard","has-post-thumbnail","hentry","category-economia","category-ultima-hora"],"_links":{"self":[{"href":"https:\/\/diarioregionaldigital.com.br\/index.php?rest_route=\/wp\/v2\/posts\/138716","targetHints":{"allow":["GET"]}}],"collection":[{"href":"https:\/\/diarioregionaldigital.com.br\/index.php?rest_route=\/wp\/v2\/posts"}],"about":[{"href":"https:\/\/diarioregionaldigital.com.br\/index.php?rest_route=\/wp\/v2\/types\/post"}],"author":[{"embeddable":true,"href":"https:\/\/diarioregionaldigital.com.br\/index.php?rest_route=\/wp\/v2\/users\/96"}],"replies":[{"embeddable":true,"href":"https:\/\/diarioregionaldigital.com.br\/index.php?rest_route=%2Fwp%2Fv2%2Fcomments&post=138716"}],"version-history":[{"count":0,"href":"https:\/\/diarioregionaldigital.com.br\/index.php?rest_route=\/wp\/v2\/posts\/138716\/revisions"}],"wp:featuredmedia":[{"embeddable":true,"href":"https:\/\/diarioregionaldigital.com.br\/index.php?rest_route=\/wp\/v2\/media\/138717"}],"wp:attachment":[{"href":"https:\/\/diarioregionaldigital.com.br\/index.php?rest_route=%2Fwp%2Fv2%2Fmedia&parent=138716"}],"wp:term":[{"taxonomy":"category","embeddable":true,"href":"https:\/\/diarioregionaldigital.com.br\/index.php?rest_route=%2Fwp%2Fv2%2Fcategories&post=138716"},{"taxonomy":"post_tag","embeddable":true,"href":"https:\/\/diarioregionaldigital.com.br\/index.php?rest_route=%2Fwp%2Fv2%2Ftags&post=138716"}],"curies":[{"name":"wp","href":"https:\/\/api.w.org\/{rel}","templated":true}]}}