{"id":138711,"date":"2019-04-23T14:57:09","date_gmt":"2019-04-23T17:57:09","guid":{"rendered":"https:\/\/diarioregionaldigital.com.br\/?p=138711"},"modified":"2019-04-23T15:03:39","modified_gmt":"2019-04-23T18:03:39","slug":"etanol-deve-alcancar-recorde-de-producao-com-3358-bilhoes-de-litros","status":"publish","type":"post","link":"https:\/\/diarioregionaldigital.com.br\/?p=138711","title":{"rendered":"Etanol deve alcan\u00e7ar recorde de produ\u00e7\u00e3o com 33,58 bilh\u00f5es de litros"},"content":{"rendered":"<p>A produ\u00e7\u00e3o de etanol no Brasil na safra 2018\/2019 deve alcan\u00e7ar 33,58 bilh\u00f5es de litros, um aumento de 23,3% ou 6,3 bilh\u00f5es de litros em rela\u00e7\u00e3o \u00e0 safra 2017\/2018. Os dados divulgados nesta ter\u00e7a-feira, 23, pela Companhia Nacional de Abastecimento (Conab) confirmam o novo recorde de produ\u00e7\u00e3o de etanol, batendo o \u00edndice anterior de 30,5 bilh\u00f5es na safra de 2015\/2016.<\/p>\n<p>Os dados s\u00e3o do quarto levantamento da safra de cana-de-a\u00e7\u00facar 2018\/2019 e mostram que, no caso do etanol hidratado, a produ\u00e7\u00e3o deve ser de 22,99 bilh\u00f5es de litros, 41,5% ou 6,7 bilh\u00f5es de litros a mais que o ciclo anterior. Antes, a maior produ\u00e7\u00e3o de \u00e1lcool hidratado alcan\u00e7ada havia sido de 19,6 bilh\u00f5es de litros, na safra 2010\/2011.<\/p>\n<p>O levantamento mostra que houve redu\u00e7\u00e3o no caso do anidro, que \u00e9 utilizado na mistura com a gasolina. A produ\u00e7\u00e3o ficou em 10,59 bilh\u00f5es de litros, 3,7% a menos que no per\u00edodo anterior.<\/p>\n<p>O aumento na produ\u00e7\u00e3o de etanol nesta safra ocorreu principalmente em fun\u00e7\u00e3o da queda de pre\u00e7os do a\u00e7\u00facar no mercado internacional e a um cen\u00e1rio mais favor\u00e1vel para o etanol no mercado interno, frente \u00e0 alta do d\u00f3lar e do petr\u00f3leo, de acordo com a Conab. A jun\u00e7\u00e3o desses fatores fez com que as unidades de produ\u00e7\u00e3o aumentassem a destina\u00e7\u00e3o de cana-de-a\u00e7\u00facar para a produ\u00e7\u00e3o de etanol.<\/p>\n<h2>Cana-de-a\u00e7\u00facar<\/h2>\n<p>A safra da cana foi de 625,2 milh\u00f5es de toneladas, apresentando redu\u00e7\u00e3o de 1,3% em rela\u00e7\u00e3o \u00e0 anterior de 633,26 milh\u00f5es de toneladas. A produ\u00e7\u00e3o de a\u00e7\u00facar atingiu 31,35 milh\u00f5es de toneladas, um decr\u00e9scimo de 17,2% ou 6,5 milh\u00f5es de toneladas, se comparado \u00e0 safra anterior. A \u00e1rea colhida ficou em 8,59 milh\u00f5es de hectares, o que representa uma redu\u00e7\u00e3o de 1,6% se comparada a 2017\/2018.<\/p>\n<p>&nbsp;<\/p>\n<p>Fonte: Ag\u00eancia Brasil<\/p>\n","protected":false},"excerpt":{"rendered":"<p>A produ\u00e7\u00e3o de etanol no Brasil na safra 2018\/2019 deve alcan\u00e7ar 33,58 bilh\u00f5es de litros, um aumento de 23,3% ou 6,3 bilh\u00f5es de litros em rela\u00e7\u00e3o \u00e0 safra 2017\/2018. Os dados divulgados nesta ter\u00e7a-feira, 23, pela Companhia Nacional de Abastecimento (Conab) confirmam o novo recorde de produ\u00e7\u00e3o de etanol, batendo o \u00edndice anterior de 30,5 [&hellip;]<\/p>\n","protected":false},"author":96,"featured_media":138713,"comment_status":"closed","ping_status":"closed","sticky":false,"template":"","format":"standard","meta":{"footnotes":""},"categories":[436,261,262,439],"tags":[],"class_list":["post-138711","post","type-post","status-publish","format-standard","has-post-thumbnail","hentry","category-destaque-da-semana","category-economia","category-noticias","category-ultima-hora"],"_links":{"self":[{"href":"https:\/\/diarioregionaldigital.com.br\/index.php?rest_route=\/wp\/v2\/posts\/138711","targetHints":{"allow":["GET"]}}],"collection":[{"href":"https:\/\/diarioregionaldigital.com.br\/index.php?rest_route=\/wp\/v2\/posts"}],"about":[{"href":"https:\/\/diarioregionaldigital.com.br\/index.php?rest_route=\/wp\/v2\/types\/post"}],"author":[{"embeddable":true,"href":"https:\/\/diarioregionaldigital.com.br\/index.php?rest_route=\/wp\/v2\/users\/96"}],"replies":[{"embeddable":true,"href":"https:\/\/diarioregionaldigital.com.br\/index.php?rest_route=%2Fwp%2Fv2%2Fcomments&post=138711"}],"version-history":[{"count":0,"href":"https:\/\/diarioregionaldigital.com.br\/index.php?rest_route=\/wp\/v2\/posts\/138711\/revisions"}],"wp:featuredmedia":[{"embeddable":true,"href":"https:\/\/diarioregionaldigital.com.br\/index.php?rest_route=\/wp\/v2\/media\/138713"}],"wp:attachment":[{"href":"https:\/\/diarioregionaldigital.com.br\/index.php?rest_route=%2Fwp%2Fv2%2Fmedia&parent=138711"}],"wp:term":[{"taxonomy":"category","embeddable":true,"href":"https:\/\/diarioregionaldigital.com.br\/index.php?rest_route=%2Fwp%2Fv2%2Fcategories&post=138711"},{"taxonomy":"post_tag","embeddable":true,"href":"https:\/\/diarioregionaldigital.com.br\/index.php?rest_route=%2Fwp%2Fv2%2Ftags&post=138711"}],"curies":[{"name":"wp","href":"https:\/\/api.w.org\/{rel}","templated":true}]}}