{"id":138708,"date":"2019-04-23T11:21:45","date_gmt":"2019-04-23T14:21:45","guid":{"rendered":"https:\/\/diarioregionaldigital.com.br\/?p=138708"},"modified":"2019-04-23T11:21:45","modified_gmt":"2019-04-23T14:21:45","slug":"cbf-divulga-tabela-detalhada-no-brasileiro-serie-d","status":"publish","type":"post","link":"https:\/\/diarioregionaldigital.com.br\/?p=138708","title":{"rendered":"CBF divulga tabela detalhada no Brasileiro S\u00e9rie D"},"content":{"rendered":"<p>A competi\u00e7\u00e3o porta de entrada para a elite do futebol brasileiro est\u00e1 com sua programa\u00e7\u00e3o definida.\u00a0 A Diretoria de Competi\u00e7\u00f5es da CBF divulgou, nesta quinta-feira, 18, \u00a0a tabela detalhada com as datas, hor\u00e1rios e locais dos jogos da competi\u00e7\u00e3o. A primeira fase da S\u00e9rie D come\u00e7a no dia 4 de maio (s\u00e1bado) e segue at\u00e9 o dia 9 de junho (domingo). As partidas acontecem \u00e0s sextas, s\u00e1bados, domingos e tamb\u00e9m nas segundas-feiras, assim como nas S\u00e9ries A e B.<\/p>\n<p><strong>JOGOS DO TUPI FC &#8211; TURNO DA S\u00c9RIE D<\/strong><\/p>\n<p>1\u00aa rodada \u2013 Herc\u00edlio Luz(SC) \u00a0X Tupi FC \u2013 05 maio &#8211; DOM &#8211;\u00a0Tubar\u00e3o(SC) \u2013 Est\u00e1dio An\u00edbal Costa \u2013 16h<\/p>\n<p>2\u00aa rodada \u2013 TUPI FC x Itabora\u00ed(RJ) \u2013 11 maio &#8211; SAB &#8211;\u00a0Juiz de Fora \u2013 Est. M\u00e1rio Hel\u00eanio \u2013 16h<\/p>\n<p>3\u00aa rodada \u2013 TUPI FC x Novorizontino(SP) \u2013 18 maio -SAB &#8211;\u00a0Juiz de Fora- Est. M\u00e1rio Hel\u00eanio \u2013 16h<\/p>\n<p>4\u00aa rodada \u2013 Novorizontino(SP) \u00a0x TUPI FC \u2013 \u00a024 maio \u2013 SEX &#8211;\u00a0Novo Horizonte(SP) \u2013 Est. Jorge de Biasi &#8211; 19h<\/p>\n<p>5\u00aa rodada \u2013 Itabora\u00ed(RJ) x TUPI FC \u2013 02 jun &#8211; DOM &#8211;\u00a0Itabora\u00ed(RJ) \u2013 a confirmar \u2013 15h<\/p>\n<p>6\u00aa rodada \u2013 TUPI FC x Herc\u00edlio Luz(SC) \u2013 09 jun \u2013 DOM -Juiz de Fora- Est. M\u00e1rio Hel\u00eanio \u2013 18h<\/p>\n<p>O Brasileiro S\u00e9rie D \u00e9 disputado em seis fases com 68 clubes de todos os estados do Brasil. A segunda-fase, com 32 clubes, est\u00e1 prevista para come\u00e7ar a partir do dia 16 de junho. As oitavas de final a partir do dia 30 de junho. Quartas a partir do dia 14 de julho. Semifinais no dia 28 de julho. Os dois jogos das finais est\u00e3o marcados para os dias 11 e 18 de agosto.\u00a0 Os quatro clubes que se classificarem para as semifinais da S\u00e9rie D est\u00e3o garantidos no Brasileiro da S\u00e9rie C de 2020.<\/p>\n<p>A CBF oferece os seguintes benef\u00edcios financeiros aos participantes da S\u00e9rie D: passagens a\u00e9reas para as delega\u00e7\u00f5es dos clubes, limitadas a 25 (vinte e cinco) pessoas por delega\u00e7\u00e3o em dist\u00e2ncias acima de 700km; passagens rodovi\u00e1rias ou aluguel de \u00f4nibus para as delega\u00e7\u00f5es dos clubes para dist\u00e2ncias de at\u00e9 700km; cobertura das despesas de hospedagem e alimenta\u00e7\u00e3o, limitadas a 25 (vinte e cinco) pessoas por delega\u00e7\u00e3o; e despesas com taxas de arbitragem e exames antidoping.<\/p>\n<p>&nbsp;<\/p>\n<p><strong>Fonte: CBF <\/strong><\/p>\n","protected":false},"excerpt":{"rendered":"<p>A competi\u00e7\u00e3o porta de entrada para a elite do futebol brasileiro est\u00e1 com sua programa\u00e7\u00e3o definida.\u00a0 A Diretoria de Competi\u00e7\u00f5es da CBF divulgou, nesta quinta-feira, 18, \u00a0a tabela detalhada com as datas, hor\u00e1rios e locais dos jogos da competi\u00e7\u00e3o. A primeira fase da S\u00e9rie D come\u00e7a no dia 4 de maio (s\u00e1bado) e segue at\u00e9 [&hellip;]<\/p>\n","protected":false},"author":96,"featured_media":138709,"comment_status":"closed","ping_status":"closed","sticky":false,"template":"","format":"standard","meta":{"footnotes":""},"categories":[257,439],"tags":[],"class_list":["post-138708","post","type-post","status-publish","format-standard","has-post-thumbnail","hentry","category-esporte","category-ultima-hora"],"_links":{"self":[{"href":"https:\/\/diarioregionaldigital.com.br\/index.php?rest_route=\/wp\/v2\/posts\/138708","targetHints":{"allow":["GET"]}}],"collection":[{"href":"https:\/\/diarioregionaldigital.com.br\/index.php?rest_route=\/wp\/v2\/posts"}],"about":[{"href":"https:\/\/diarioregionaldigital.com.br\/index.php?rest_route=\/wp\/v2\/types\/post"}],"author":[{"embeddable":true,"href":"https:\/\/diarioregionaldigital.com.br\/index.php?rest_route=\/wp\/v2\/users\/96"}],"replies":[{"embeddable":true,"href":"https:\/\/diarioregionaldigital.com.br\/index.php?rest_route=%2Fwp%2Fv2%2Fcomments&post=138708"}],"version-history":[{"count":0,"href":"https:\/\/diarioregionaldigital.com.br\/index.php?rest_route=\/wp\/v2\/posts\/138708\/revisions"}],"wp:featuredmedia":[{"embeddable":true,"href":"https:\/\/diarioregionaldigital.com.br\/index.php?rest_route=\/wp\/v2\/media\/138709"}],"wp:attachment":[{"href":"https:\/\/diarioregionaldigital.com.br\/index.php?rest_route=%2Fwp%2Fv2%2Fmedia&parent=138708"}],"wp:term":[{"taxonomy":"category","embeddable":true,"href":"https:\/\/diarioregionaldigital.com.br\/index.php?rest_route=%2Fwp%2Fv2%2Fcategories&post=138708"},{"taxonomy":"post_tag","embeddable":true,"href":"https:\/\/diarioregionaldigital.com.br\/index.php?rest_route=%2Fwp%2Fv2%2Ftags&post=138708"}],"curies":[{"name":"wp","href":"https:\/\/api.w.org\/{rel}","templated":true}]}}