{"id":138700,"date":"2019-04-22T19:10:57","date_gmt":"2019-04-22T22:10:57","guid":{"rendered":"https:\/\/diarioregionaldigital.com.br\/?p=138700"},"modified":"2019-04-22T19:10:57","modified_gmt":"2019-04-22T22:10:57","slug":"tres-pessoas-sao-detidas-por-envolvimento-com-o-trafico-de-drogas","status":"publish","type":"post","link":"https:\/\/diarioregionaldigital.com.br\/?p=138700","title":{"rendered":"Tr\u00eas pessoas s\u00e3o detidas por envolvimento com o tr\u00e1fico de drogas"},"content":{"rendered":"<p>A Pol\u00edcia Militar (PM) prendeu dois homens de 22 anos e apreendeu um adolescente de 17 anos, nesta segunda-feira, 22, no bairro Marumbi, zona Leste de Juiz de Fora. Segundo informa\u00e7\u00f5es da PM, cinco suspeitos foram identificados durante patrulhamento dos policiais pela rua Aleixo Martins Neto.<\/p>\n<p>Ao perceberem a presen\u00e7a da PM na rua o grupo tentou se separar e fugir, mas tr\u00eas foram capturados, sendo estes abordados pelos militares. Ainda conforme as informa\u00e7\u00f5es, dois deles, de idades n\u00e3o informadas, pularam o muro de um terreno e fugiram passando por dentro de um c\u00f3rrego.<\/p>\n<p>Os policiais realizaram buscas na regi\u00e3o, mas os outros dois suspeitos n\u00e3o foram localizados.Os militares encontraram uma mochila dentro do c\u00f3rrego, que pertencia ao grupo, contendo os seguintes materiais: um rev\u00f3lver calibre 38 e 10 muni\u00e7\u00f5es intactas de mesmo calibre, 42 por\u00e7\u00f5es de maconha e uma barra prensada da mesma droga, 75 pinos de coca\u00edna e seis papelotes da mesma droga, 64 pedras de crack, al\u00e9m de R$ 972,45 e um celular.<\/p>\n<p>Os materiais, os dois homens e o adolescente foram encaminhados para a delegacia para as demais provid\u00eancias.<\/p>\n","protected":false},"excerpt":{"rendered":"<p>A Pol\u00edcia Militar (PM) prendeu dois homens de 22 anos e apreendeu um adolescente de 17 anos, nesta segunda-feira, 22, no bairro Marumbi, zona Leste de Juiz de Fora. Segundo informa\u00e7\u00f5es da PM, cinco suspeitos foram identificados durante patrulhamento dos policiais pela rua Aleixo Martins Neto. Ao perceberem a presen\u00e7a da PM na rua o [&hellip;]<\/p>\n","protected":false},"author":96,"featured_media":138701,"comment_status":"closed","ping_status":"closed","sticky":false,"template":"","format":"standard","meta":{"footnotes":""},"categories":[301,436,440,439],"tags":[],"class_list":["post-138700","post","type-post","status-publish","format-standard","has-post-thumbnail","hentry","category-artigos-policiais","category-destaque-da-semana","category-destaques-do-dia","category-ultima-hora"],"_links":{"self":[{"href":"https:\/\/diarioregionaldigital.com.br\/index.php?rest_route=\/wp\/v2\/posts\/138700","targetHints":{"allow":["GET"]}}],"collection":[{"href":"https:\/\/diarioregionaldigital.com.br\/index.php?rest_route=\/wp\/v2\/posts"}],"about":[{"href":"https:\/\/diarioregionaldigital.com.br\/index.php?rest_route=\/wp\/v2\/types\/post"}],"author":[{"embeddable":true,"href":"https:\/\/diarioregionaldigital.com.br\/index.php?rest_route=\/wp\/v2\/users\/96"}],"replies":[{"embeddable":true,"href":"https:\/\/diarioregionaldigital.com.br\/index.php?rest_route=%2Fwp%2Fv2%2Fcomments&post=138700"}],"version-history":[{"count":0,"href":"https:\/\/diarioregionaldigital.com.br\/index.php?rest_route=\/wp\/v2\/posts\/138700\/revisions"}],"wp:featuredmedia":[{"embeddable":true,"href":"https:\/\/diarioregionaldigital.com.br\/index.php?rest_route=\/wp\/v2\/media\/138701"}],"wp:attachment":[{"href":"https:\/\/diarioregionaldigital.com.br\/index.php?rest_route=%2Fwp%2Fv2%2Fmedia&parent=138700"}],"wp:term":[{"taxonomy":"category","embeddable":true,"href":"https:\/\/diarioregionaldigital.com.br\/index.php?rest_route=%2Fwp%2Fv2%2Fcategories&post=138700"},{"taxonomy":"post_tag","embeddable":true,"href":"https:\/\/diarioregionaldigital.com.br\/index.php?rest_route=%2Fwp%2Fv2%2Ftags&post=138700"}],"curies":[{"name":"wp","href":"https:\/\/api.w.org\/{rel}","templated":true}]}}