{"id":138694,"date":"2019-04-22T18:38:53","date_gmt":"2019-04-22T21:38:53","guid":{"rendered":"https:\/\/diarioregionaldigital.com.br\/?p=138694"},"modified":"2019-04-22T18:38:53","modified_gmt":"2019-04-22T21:38:53","slug":"prefeitura-lanca-programa-saude-na-escola-nesta-terca-feira","status":"publish","type":"post","link":"https:\/\/diarioregionaldigital.com.br\/?p=138694","title":{"rendered":"Prefeitura lan\u00e7a programa \u201cSa\u00fade na Escola\u201d nesta ter\u00e7a-feira"},"content":{"rendered":"<p>A Prefeitura de Juiz de Fora (PJF), por meio das secretarias de Educa\u00e7\u00e3o (SE) e de Sa\u00fade (SS), lan\u00e7a, nesta ter\u00e7a-feira, 23, \u00e0s 9 horas, o Programa Sa\u00fade na Escola (PSE) 2019. O local para a realiza\u00e7\u00e3o da primeira edi\u00e7\u00e3o, este ano, ser\u00e1 a Escola Municipal (E.M.) \u201cAm\u00e9lia Mascarenhas\u201d, no Bairro S\u00e3o Bernardo. O PSE, do Minist\u00e9rio da Sa\u00fade, \u00e9 desenvolvido como pol\u00edtica intersetorial entre as secretarias, e as a\u00e7\u00f5es de sa\u00fade e educa\u00e7\u00e3o s\u00e3o voltadas para crian\u00e7as, adolescentes, jovens e adultos da rede municipal de ensino. O objetivo do programa \u00e9 contribuir para a forma\u00e7\u00e3o integral do educando, com a\u00e7\u00f5es de promo\u00e7\u00e3o, preven\u00e7\u00e3o e aten\u00e7\u00e3o \u00e0 sa\u00fade.<\/p>\n<p>Este ano, ser\u00e3o contempladas 18 escolas municipais, tr\u00eas estaduais, quatro creches e uma escola federal (Col\u00e9gio de Aplica\u00e7\u00e3o Jo\u00e3o XXIII), perfazendo um total de 9.862 alunos a serem atendidos. Haver\u00e1 a\u00e7\u00f5es de:<\/p>\n<p>&#8211; Combate ao mosquito Aedes aegypti;<\/p>\n<p>&#8211; Promo\u00e7\u00e3o de pr\u00e1ticas corporais, da atividade f\u00edsica e do lazer nas escolas;<\/p>\n<p>&#8211; Preven\u00e7\u00e3o ao uso de \u00e1lcool, tabaco, crack e outras drogas;<\/p>\n<p>&#8211; Preven\u00e7\u00e3o das viol\u00eancias e acidentes;<\/p>\n<p>&#8211; Promo\u00e7\u00e3o e avalia\u00e7\u00e3o da sa\u00fade bucal e aplica\u00e7\u00e3o t\u00f3pica de fl\u00faor;<\/p>\n<p>&#8211; Promo\u00e7\u00e3o da sa\u00fade ocular e identifica\u00e7\u00e3o de educandos com poss\u00edveis sinais de altera\u00e7\u00e3o;<\/p>\n<p>&#8211; Verifica\u00e7\u00e3o e atualiza\u00e7\u00e3o da situa\u00e7\u00e3o vacinal;<\/p>\n<p>&#8211; Promo\u00e7\u00e3o da sa\u00fade auditiva e identifica\u00e7\u00e3o de educandos com poss\u00edveis sinais de altera\u00e7\u00e3o;<\/p>\n<p>&#8211; Promo\u00e7\u00e3o da alimenta\u00e7\u00e3o saud\u00e1vel;<\/p>\n<p>&#8211; Cultura da paz e cidadania e direitos humanos;<\/p>\n<p>&#8211; Direito sexual e reprodutivo e preven\u00e7\u00e3o de doen\u00e7as sexualmente transmiss\u00edveis e Aids.<\/p>\n<p>Haver\u00e1, ainda, atividades l\u00fadicas e oficina de v\u00f4lei. Como parceiros no projeto, atuam a ArcelorMittal, o Sesc e a Universidade Federal de Juiz de Fora (UFJF).<\/p>\n<p>Fonte: PJF<\/p>\n","protected":false},"excerpt":{"rendered":"<p>A Prefeitura de Juiz de Fora (PJF), por meio das secretarias de Educa\u00e7\u00e3o (SE) e de Sa\u00fade (SS), lan\u00e7a, nesta ter\u00e7a-feira, 23, \u00e0s 9 horas, o Programa Sa\u00fade na Escola (PSE) 2019. O local para a realiza\u00e7\u00e3o da primeira edi\u00e7\u00e3o, este ano, ser\u00e1 a Escola Municipal (E.M.) \u201cAm\u00e9lia Mascarenhas\u201d, no Bairro S\u00e3o Bernardo. O PSE, [&hellip;]<\/p>\n","protected":false},"author":96,"featured_media":138696,"comment_status":"closed","ping_status":"closed","sticky":false,"template":"","format":"standard","meta":{"footnotes":""},"categories":[253,436,439],"tags":[],"class_list":["post-138694","post","type-post","status-publish","format-standard","has-post-thumbnail","hentry","category-cidade","category-destaque-da-semana","category-ultima-hora"],"_links":{"self":[{"href":"https:\/\/diarioregionaldigital.com.br\/index.php?rest_route=\/wp\/v2\/posts\/138694","targetHints":{"allow":["GET"]}}],"collection":[{"href":"https:\/\/diarioregionaldigital.com.br\/index.php?rest_route=\/wp\/v2\/posts"}],"about":[{"href":"https:\/\/diarioregionaldigital.com.br\/index.php?rest_route=\/wp\/v2\/types\/post"}],"author":[{"embeddable":true,"href":"https:\/\/diarioregionaldigital.com.br\/index.php?rest_route=\/wp\/v2\/users\/96"}],"replies":[{"embeddable":true,"href":"https:\/\/diarioregionaldigital.com.br\/index.php?rest_route=%2Fwp%2Fv2%2Fcomments&post=138694"}],"version-history":[{"count":0,"href":"https:\/\/diarioregionaldigital.com.br\/index.php?rest_route=\/wp\/v2\/posts\/138694\/revisions"}],"wp:featuredmedia":[{"embeddable":true,"href":"https:\/\/diarioregionaldigital.com.br\/index.php?rest_route=\/wp\/v2\/media\/138696"}],"wp:attachment":[{"href":"https:\/\/diarioregionaldigital.com.br\/index.php?rest_route=%2Fwp%2Fv2%2Fmedia&parent=138694"}],"wp:term":[{"taxonomy":"category","embeddable":true,"href":"https:\/\/diarioregionaldigital.com.br\/index.php?rest_route=%2Fwp%2Fv2%2Fcategories&post=138694"},{"taxonomy":"post_tag","embeddable":true,"href":"https:\/\/diarioregionaldigital.com.br\/index.php?rest_route=%2Fwp%2Fv2%2Ftags&post=138694"}],"curies":[{"name":"wp","href":"https:\/\/api.w.org\/{rel}","templated":true}]}}