{"id":138693,"date":"2019-04-23T06:00:47","date_gmt":"2019-04-23T09:00:47","guid":{"rendered":"https:\/\/diarioregionaldigital.com.br\/?p=138693"},"modified":"2019-04-22T18:42:11","modified_gmt":"2019-04-22T21:42:11","slug":"prefeitura-municipal-de-rio-novo-licitacao-no036-23-04-19","status":"publish","type":"post","link":"https:\/\/diarioregionaldigital.com.br\/?p=138693","title":{"rendered":"Prefeitura Municipal de Rio Novo &#8211; Licita\u00e7\u00e3o n\u00ba036 &#8211; 23\/04\/19"},"content":{"rendered":"<p style=\"text-align: center;\"><strong>PREFEITURA MUNICIPAL DE RIO NOVO<\/strong><\/p>\n<p style=\"text-align: center;\"><strong>AVISO DE ADIAMENTO<\/strong><\/p>\n<p style=\"text-align: center;\"><strong>Licita\u00e7\u00e3o n\u00b0 036\/2019<\/strong><\/p>\n<p style=\"text-align: center;\"><strong>Preg\u00e3o Presencial n\u00b0 019\/2019<\/strong><\/p>\n<p style=\"text-align: center;\">O Prefeito Municipal Ormeu Rabello Filho e o pregoeiro Fabiano Ara\u00fajo Rodrigues, designado pela portaria 081\/2018, tornam p\u00fablico, a todas as empresas interessadas em participar do referido certame, o adiamento do Edital 019\/2019, ficando estabelecida a data de 26 de abril de 2019, \u00e0s 10:00 horas, na Sala de Licita\u00e7\u00f5es, para abertura dos envelopes. RIO NOVO, 22 de ABRIL de 2019.<\/p>\n","protected":false},"excerpt":{"rendered":"<p>PREFEITURA MUNICIPAL DE RIO NOVO AVISO DE ADIAMENTO Licita\u00e7\u00e3o n\u00b0 036\/2019 Preg\u00e3o Presencial n\u00b0 019\/2019 O Prefeito Municipal Ormeu Rabello Filho e o pregoeiro Fabiano Ara\u00fajo Rodrigues, designado pela portaria 081\/2018, tornam p\u00fablico, a todas as empresas interessadas em participar do referido certame, o adiamento do Edital 019\/2019, ficando estabelecida a data de 26 de [&hellip;]<\/p>\n","protected":false},"author":96,"featured_media":0,"comment_status":"closed","ping_status":"closed","sticky":false,"template":"","format":"standard","meta":{"footnotes":""},"categories":[307],"tags":[],"class_list":["post-138693","post","type-post","status-publish","format-standard","hentry","category-editais"],"_links":{"self":[{"href":"https:\/\/diarioregionaldigital.com.br\/index.php?rest_route=\/wp\/v2\/posts\/138693","targetHints":{"allow":["GET"]}}],"collection":[{"href":"https:\/\/diarioregionaldigital.com.br\/index.php?rest_route=\/wp\/v2\/posts"}],"about":[{"href":"https:\/\/diarioregionaldigital.com.br\/index.php?rest_route=\/wp\/v2\/types\/post"}],"author":[{"embeddable":true,"href":"https:\/\/diarioregionaldigital.com.br\/index.php?rest_route=\/wp\/v2\/users\/96"}],"replies":[{"embeddable":true,"href":"https:\/\/diarioregionaldigital.com.br\/index.php?rest_route=%2Fwp%2Fv2%2Fcomments&post=138693"}],"version-history":[{"count":0,"href":"https:\/\/diarioregionaldigital.com.br\/index.php?rest_route=\/wp\/v2\/posts\/138693\/revisions"}],"wp:attachment":[{"href":"https:\/\/diarioregionaldigital.com.br\/index.php?rest_route=%2Fwp%2Fv2%2Fmedia&parent=138693"}],"wp:term":[{"taxonomy":"category","embeddable":true,"href":"https:\/\/diarioregionaldigital.com.br\/index.php?rest_route=%2Fwp%2Fv2%2Fcategories&post=138693"},{"taxonomy":"post_tag","embeddable":true,"href":"https:\/\/diarioregionaldigital.com.br\/index.php?rest_route=%2Fwp%2Fv2%2Ftags&post=138693"}],"curies":[{"name":"wp","href":"https:\/\/api.w.org\/{rel}","templated":true}]}}