{"id":138687,"date":"2019-04-22T18:32:27","date_gmt":"2019-04-22T21:32:27","guid":{"rendered":"https:\/\/diarioregionaldigital.com.br\/?p=138687"},"modified":"2019-04-22T18:32:27","modified_gmt":"2019-04-22T21:32:27","slug":"balanco-da-prf-da-operacao-semana-santa-2019-aponta-queda-no-numero-de-acidentes-e-feridos-nas-rodovias-mineiras","status":"publish","type":"post","link":"https:\/\/diarioregionaldigital.com.br\/?p=138687","title":{"rendered":"Balan\u00e7o da PRF da Opera\u00e7\u00e3o Semana Santa 2019 aponta queda no n\u00famero de acidentes e feridos nas rodovias mineiras"},"content":{"rendered":"<p>A Pol\u00edcia Rodovi\u00e1ria Federal (PRF) encerra a Opera\u00e7\u00e3o Semana Santa 2019 com queda no n\u00famero de acidentes e feridos em Minas Gerais (MG).\u00a0 Conforme o balan\u00e7o apresentando pela PRF, houve uma redu\u00e7\u00e3o de 13% no n\u00famero de acidentes em rela\u00e7\u00e3o ao feriado do ano anterior.<\/p>\n<p>A opera\u00e7\u00e3o ocorreu entre os dias 18 e 21 de abril. Ao todo, foram contabilizados 88 acidentes este ano, contra 101 em 2018. Al\u00e9m disso, tamb\u00e9m houve queda no n\u00famero de feridos, que em 2019 registrou 104 feridos, enquanto em 2018 o total foi 138. Nestes quatro dias de opera\u00e7\u00e3o, ocorreram seis mortes, sendo duas a mais do no \u00faltimo ano.<\/p>\n<p>Durante o feriado da Semana Santa, neste per\u00edodo os agentes refor\u00e7aram os trechos estrat\u00e9gicos nas BRs, dando prioridade para a\u00e7\u00f5es preventivas para redu\u00e7\u00e3o da viol\u00eancia no tr\u00e2nsito para obter a redu\u00e7\u00e3o nos \u00edndices de letalidade nas rodovias federais. Conforme a PRF, o trabalho desenvolvido durante a opera\u00e7\u00e3o teve como foco a preven\u00e7\u00e3o e diminui\u00e7\u00e3o da gravidade de acidentes e o combate \u00e0s infra\u00e7\u00f5es de tr\u00e2nsito, em especial \u00e0s condutas geradoras de acidentes, sendo elas o excesso de velocidade, as ultrapassagens proibidas, n\u00e3o manter a dist\u00e2ncia de seguran\u00e7a e transitar pelo acostamento.<\/p>\n<p>A infra\u00e7\u00e3o mais flagrada pelos 22 radares port\u00e1teis da PRF foi o excesso de velocidade, com 8.371 registros. Os agentes flagraram e autuaram 398 motoristas realizando ultrapassagens proibidas. Al\u00e9m disso, tamb\u00e9m foram realizados 3.453 testes de alcoolemia (etil\u00f4metro). No total, 57 condutores foram autuados por embriaguez ao volante e quatro foram detidos por apresentarem \u00edndices que configuram crime de tr\u00e2nsito. Ao todo, 8.459 ve\u00edculos foram fiscalizados pela PRF durante os quatro dias da Opera\u00e7\u00e3o Semana Santa 2019.<\/p>\n<div id=\"attachment_138688\" style=\"width: 563px\" class=\"wp-caption aligncenter\"><img loading=\"lazy\" decoding=\"async\" aria-describedby=\"caption-attachment-138688\" class=\" wp-image-138688\" src=\"https:\/\/diarioregionaldigital.com.br\/wp-content\/uploads\/2019\/04\/03-300x177.jpg\" alt=\"\" width=\"553\" height=\"326\" srcset=\"https:\/\/diarioregionaldigital.com.br\/wp-content\/uploads\/2019\/04\/03-300x177.jpg 300w, https:\/\/diarioregionaldigital.com.br\/wp-content\/uploads\/2019\/04\/03-360x212.jpg 360w, https:\/\/diarioregionaldigital.com.br\/wp-content\/uploads\/2019\/04\/03.jpg 730w\" sizes=\"auto, (max-width: 553px) 100vw, 553px\" \/><p id=\"caption-attachment-138688\" class=\"wp-caption-text\">Foto: Divulga\u00e7\u00e3o PRF<\/p><\/div>\n<p>No pa\u00eds, a opera\u00e7\u00e3o tamb\u00e9m chega ao fim com o menor n\u00famero de acidentes, acidentes graves e pessoas mortas dos \u00faltimos 12 anos nas rodovias brasileiras. De acordo com os dados da PRF, os quatro dias de opera\u00e7\u00e3o resultaram no registro de 759 acidentes deixando 962 feridos e 50 mortos.<\/p>\n<p>Ainda segundo os dados, 105.245 pessoas e 109.324 ve\u00edculos foram fiscalizados pelos agentes durante os quatro dias de opera\u00e7\u00e3o, resultando em 35.077 autua\u00e7\u00f5es. Ultrapassagem irregular e excesso de velocidade foram as infra\u00e7\u00f5es mais registradas, assim como nos \u00faltimos feriados. Ao todo, foram 4.665 ultrapassagens indevidas e 75.800 imagens capturadas pelos radares fotogr\u00e1ficos por excesso de velocidade. Tamb\u00e9m foram autuados 980 condutores por alcoolemia, 26% a mais que em 2018. Ainda conforte o balan\u00e7o, o n\u00famero de crian\u00e7as sendo transportadas em desacordo com a legisla\u00e7\u00e3o tamb\u00e9m subiu 9%, sendo 512 flagrantes deste ano contra 470 no ano anterior.<\/p>\n","protected":false},"excerpt":{"rendered":"<p>A Pol\u00edcia Rodovi\u00e1ria Federal (PRF) encerra a Opera\u00e7\u00e3o Semana Santa 2019 com queda no n\u00famero de acidentes e feridos em Minas Gerais (MG).\u00a0 Conforme o balan\u00e7o apresentando pela PRF, houve uma redu\u00e7\u00e3o de 13% no n\u00famero de acidentes em rela\u00e7\u00e3o ao feriado do ano anterior. A opera\u00e7\u00e3o ocorreu entre os dias 18 e 21 de [&hellip;]<\/p>\n","protected":false},"author":96,"featured_media":138690,"comment_status":"closed","ping_status":"closed","sticky":false,"template":"","format":"standard","meta":{"footnotes":""},"categories":[436,440,252,439],"tags":[],"class_list":["post-138687","post","type-post","status-publish","format-standard","has-post-thumbnail","hentry","category-destaque-da-semana","category-destaques-do-dia","category-regiao","category-ultima-hora"],"_links":{"self":[{"href":"https:\/\/diarioregionaldigital.com.br\/index.php?rest_route=\/wp\/v2\/posts\/138687","targetHints":{"allow":["GET"]}}],"collection":[{"href":"https:\/\/diarioregionaldigital.com.br\/index.php?rest_route=\/wp\/v2\/posts"}],"about":[{"href":"https:\/\/diarioregionaldigital.com.br\/index.php?rest_route=\/wp\/v2\/types\/post"}],"author":[{"embeddable":true,"href":"https:\/\/diarioregionaldigital.com.br\/index.php?rest_route=\/wp\/v2\/users\/96"}],"replies":[{"embeddable":true,"href":"https:\/\/diarioregionaldigital.com.br\/index.php?rest_route=%2Fwp%2Fv2%2Fcomments&post=138687"}],"version-history":[{"count":0,"href":"https:\/\/diarioregionaldigital.com.br\/index.php?rest_route=\/wp\/v2\/posts\/138687\/revisions"}],"wp:featuredmedia":[{"embeddable":true,"href":"https:\/\/diarioregionaldigital.com.br\/index.php?rest_route=\/wp\/v2\/media\/138690"}],"wp:attachment":[{"href":"https:\/\/diarioregionaldigital.com.br\/index.php?rest_route=%2Fwp%2Fv2%2Fmedia&parent=138687"}],"wp:term":[{"taxonomy":"category","embeddable":true,"href":"https:\/\/diarioregionaldigital.com.br\/index.php?rest_route=%2Fwp%2Fv2%2Fcategories&post=138687"},{"taxonomy":"post_tag","embeddable":true,"href":"https:\/\/diarioregionaldigital.com.br\/index.php?rest_route=%2Fwp%2Fv2%2Ftags&post=138687"}],"curies":[{"name":"wp","href":"https:\/\/api.w.org\/{rel}","templated":true}]}}