{"id":138685,"date":"2019-04-23T06:00:40","date_gmt":"2019-04-23T09:00:40","guid":{"rendered":"https:\/\/diarioregionaldigital.com.br\/?p=138685"},"modified":"2019-04-22T18:27:55","modified_gmt":"2019-04-22T21:27:55","slug":"prefeitura-municipal-de-coronel-pacheco-pregao-no-013-23-04-19","status":"publish","type":"post","link":"https:\/\/diarioregionaldigital.com.br\/?p=138685","title":{"rendered":"Prefeitura Municipal de Coronel Pacheco &#8211; Preg\u00e3o n\u00ba 013 &#8211; 23\/04\/19"},"content":{"rendered":"<p class=\"WW-Corpodetexto3\" style=\"text-align: center; tab-stops: 126.0pt;\" align=\"center\"><strong><span style=\"font-size: 11.0pt;\">AVISO DE LICITA\u00c7\u00c3O<\/span><\/strong><\/p>\n<p class=\"WW-Corpodetexto3\" style=\"text-align: center; tab-stops: 126.0pt;\" align=\"center\"><span style=\"font-size: 11.0pt;\">Preg\u00e3o Presencial n\u00ba 013\/2019<\/span><span style=\"font-size: 11.0pt;\">\u00a0<\/span><\/p>\n<p class=\"WW-Corpodetexto3\" style=\"line-height: 150%; tab-stops: 126.0pt;\"><span style=\"font-size: 11.0pt; line-height: 150%;\">O Munic\u00edpio de Coronel Pacheco, por interm\u00e9dio do Pregoeiro Municipal, torna p\u00fablica a realiza\u00e7\u00e3o de PREG\u00c3O PRESENCIAL no dia e hor\u00e1rio abaixo relacionados:<\/span><\/p>\n<p class=\"WW-Corpodetexto3\" style=\"tab-stops: 126.0pt;\"><span style=\"font-size: 11.0pt;\"><strong>OBJETO:<\/strong> <\/span>CONTRATA\u00c7\u00c3O DE SOCIEDADE EMPRES\u00c1RIA PARA A AQUISI\u00c7\u00c3O DE VE\u00cdCULO 0 (ZERO) KM PARA A SECRETARIA MUNICIPAL DE SA\u00daDE E SANEAMENTO OBJETO DA PROPOSTA 13889387000\/1180-08<\/p>\n<p class=\"WW-Corpodetexto3\" style=\"tab-stops: 126.0pt;\"><span style=\"font-size: 11.0pt;\"><strong>ABERTURA DOS ENVELOPES:<\/strong> 08 de maio de 2019<\/span><\/p>\n<p class=\"WW-Corpodetexto3\" style=\"tab-stops: 126.0pt;\"><span style=\"font-size: 11.0pt;\"><strong>HOR\u00c1RIO:<\/strong> 10:00h<\/span><\/p>\n<p class=\"WW-Corpodetexto3\" style=\"line-height: 150%; tab-stops: 126.0pt;\"><span style=\"font-size: 11.0pt; line-height: 150%;\">Os interessados poder\u00e3o obter maiores informa\u00e7\u00f5es no setor de licita\u00e7\u00f5es da Prefeitura Municipal de Coronel Pacheco, com sede na Pra\u00e7a Carlos Chagas, n\u00ba 01, Centro, Tel: (32) 3258-1112.<\/span><\/p>\n<p class=\"WW-Corpodetexto3\" style=\"text-align: center; tab-stops: 126.0pt;\" align=\"center\"><strong><span style=\"font-size: 11.0pt;\">Emerson Correa Gomes<\/span><\/strong><\/p>\n<p class=\"WW-Corpodetexto3\" style=\"text-align: center; tab-stops: 126.0pt;\" align=\"center\"><strong><span style=\"font-size: 11.0pt;\">Pregoeiro<\/span><\/strong><\/p>\n","protected":false},"excerpt":{"rendered":"<p>AVISO DE LICITA\u00c7\u00c3O Preg\u00e3o Presencial n\u00ba 013\/2019\u00a0 O Munic\u00edpio de Coronel Pacheco, por interm\u00e9dio do Pregoeiro Municipal, torna p\u00fablica a realiza\u00e7\u00e3o de PREG\u00c3O PRESENCIAL no dia e hor\u00e1rio abaixo relacionados: OBJETO: CONTRATA\u00c7\u00c3O DE SOCIEDADE EMPRES\u00c1RIA PARA A AQUISI\u00c7\u00c3O DE VE\u00cdCULO 0 (ZERO) KM PARA A SECRETARIA MUNICIPAL DE SA\u00daDE E SANEAMENTO OBJETO DA PROPOSTA 13889387000\/1180-08 [&hellip;]<\/p>\n","protected":false},"author":96,"featured_media":0,"comment_status":"closed","ping_status":"closed","sticky":false,"template":"","format":"standard","meta":{"footnotes":""},"categories":[307],"tags":[],"class_list":["post-138685","post","type-post","status-publish","format-standard","hentry","category-editais"],"_links":{"self":[{"href":"https:\/\/diarioregionaldigital.com.br\/index.php?rest_route=\/wp\/v2\/posts\/138685","targetHints":{"allow":["GET"]}}],"collection":[{"href":"https:\/\/diarioregionaldigital.com.br\/index.php?rest_route=\/wp\/v2\/posts"}],"about":[{"href":"https:\/\/diarioregionaldigital.com.br\/index.php?rest_route=\/wp\/v2\/types\/post"}],"author":[{"embeddable":true,"href":"https:\/\/diarioregionaldigital.com.br\/index.php?rest_route=\/wp\/v2\/users\/96"}],"replies":[{"embeddable":true,"href":"https:\/\/diarioregionaldigital.com.br\/index.php?rest_route=%2Fwp%2Fv2%2Fcomments&post=138685"}],"version-history":[{"count":0,"href":"https:\/\/diarioregionaldigital.com.br\/index.php?rest_route=\/wp\/v2\/posts\/138685\/revisions"}],"wp:attachment":[{"href":"https:\/\/diarioregionaldigital.com.br\/index.php?rest_route=%2Fwp%2Fv2%2Fmedia&parent=138685"}],"wp:term":[{"taxonomy":"category","embeddable":true,"href":"https:\/\/diarioregionaldigital.com.br\/index.php?rest_route=%2Fwp%2Fv2%2Fcategories&post=138685"},{"taxonomy":"post_tag","embeddable":true,"href":"https:\/\/diarioregionaldigital.com.br\/index.php?rest_route=%2Fwp%2Fv2%2Ftags&post=138685"}],"curies":[{"name":"wp","href":"https:\/\/api.w.org\/{rel}","templated":true}]}}