{"id":138681,"date":"2019-04-23T06:00:06","date_gmt":"2019-04-23T09:00:06","guid":{"rendered":"https:\/\/diarioregionaldigital.com.br\/?p=138681"},"modified":"2019-04-22T18:23:58","modified_gmt":"2019-04-22T21:23:58","slug":"convocacao-age-imobiliarias-23-04-19","status":"publish","type":"post","link":"https:\/\/diarioregionaldigital.com.br\/?p=138681","title":{"rendered":"Convoca\u00e7\u00e3o AGE Imobili\u00e1rias &#8211; 23\/04\/19"},"content":{"rendered":"<p style=\"text-align: left;\"><strong>EDITAL DE CONVOCA\u00c7\u00c3O<\/strong> DOS <strong>EMPREGADOS EM EMPRESAS DE COMPRA, VENDA, LOCA\u00c7\u00c3O E ADMINISTRA\u00c7\u00c3O DE IM\u00d3VEIS COMERCIAIS E RESIDENCIAIS DE JUIZ DE FORA<\/strong> PARA ASSEMBLEIA GERAL EXTRAORDIN\u00c1RIA &#8211; O Presidente do Sindicato dos Empregados em Edif\u00edcios e Empregados em Empresas de Compra, Venda, Loca\u00e7\u00e3o e Administra\u00e7\u00e3o de Im\u00f3veis Comerciais e Residenciais de Juiz de Fora \u2013 SINDEDIF-JF, no uso de suas atribui\u00e7\u00f5es estatut\u00e1rias, convoca todos os trabalhadores integrantes da categoria de <strong>empregados em empresas de compra, venda, loca\u00e7\u00e3o e administra\u00e7\u00e3o de im\u00f3veis comerciais e residenciais de Juiz de Fora<\/strong>, associados ou n\u00e3o associados \u00e0 entidade, para participarem da <strong>Assembleia Geral Extraordin\u00e1ria<\/strong>, a se realizar na sede do Sindicato, na <strong>Av. Get\u00falio Vargas, N\u00ba 828, Sala 603<\/strong>, Centro, Juiz de Fora (MG), no dia <strong>29 de abril de 2019<\/strong>, \u00e0s <strong>16:30 horas<\/strong>, em primeira convoca\u00e7\u00e3o, ou caso n\u00e3o haja \u201cquorum\u201d, \u00e0s <strong>17:30 horas<\/strong>, em segunda convoca\u00e7\u00e3o, com qualquer n\u00famero de presentes, para tratar da seguinte Ordem do Dia: 1)\u00a0 Leitura do Edital de Convoca\u00e7\u00e3o; 2)\u00a0 Leitura, discuss\u00e3o e aprova\u00e7\u00e3o (ou n\u00e3o) da Ata anterior; 3) Elabora\u00e7\u00e3o, discuss\u00e3o e aprova\u00e7\u00e3o (ou n\u00e3o) da Pauta de Reivindica\u00e7\u00f5es da categoria de empregados em empresas de compra, venda, loca\u00e7\u00e3o e administra\u00e7\u00e3o de im\u00f3veis comerciais e residenciais de Juiz de Fora a ser encaminhada ao Sindicato do Com\u00e9rcio de Juiz de Fora (Sindicato da classe econ\u00f4mica), com vistas \u00e0 celebra\u00e7\u00e3o da Conven\u00e7\u00e3o Coletiva de Trabalho da categoria de empregados em empresas de compra, venda, loca\u00e7\u00e3o e administra\u00e7\u00e3o de im\u00f3veis comerciais e residenciais de Juiz de Fora, cuja data-base \u00e9 1\u00ba de Maio, para vig\u00eancia no per\u00edodo de 01\/05\/2019 a 30\/04\/2020; 4) Autoriza\u00e7\u00e3o \u00e0 Diretoria do Sindicato da categoria profissional para celebrar Acordo Coletivo de Trabalho e\/ou Conven\u00e7\u00e3o Coletiva de Trabalho ou, na sua impossibilidade, suscitar Diss\u00eddio Coletivo no Egr\u00e9gio Tribunal Regional do Trabalho da 3<sup>\u00aa<\/sup> Regi\u00e3o, em Belo Horizonte; 5) Autoriza\u00e7\u00e3o (ou n\u00e3o), pela Assembleia, de Contribui\u00e7\u00e3o Assistencial mensal ou anual em favor do Sindicato da categoria profissional, na forma do disposto no Art. 513, al\u00ednea \u201ce\u201c, da CLT; no Estatuto da Entidade e no Art. 8\u00ba da Conven\u00e7\u00e3o 95 da OIT, aprovada e promulgada pelo Brasil (com vig\u00eancia nacional desde 25\/04\/1958); e 6 &#8211; Encerramento. Juiz de Fora (MG), 23 de abril de 2019. Luiz Jos\u00e9 da Silva \u2013 Presidente.<\/p>\n","protected":false},"excerpt":{"rendered":"<p>EDITAL DE CONVOCA\u00c7\u00c3O DOS EMPREGADOS EM EMPRESAS DE COMPRA, VENDA, LOCA\u00c7\u00c3O E ADMINISTRA\u00c7\u00c3O DE IM\u00d3VEIS COMERCIAIS E RESIDENCIAIS DE JUIZ DE FORA PARA ASSEMBLEIA GERAL EXTRAORDIN\u00c1RIA &#8211; O Presidente do Sindicato dos Empregados em Edif\u00edcios e Empregados em Empresas de Compra, Venda, Loca\u00e7\u00e3o e Administra\u00e7\u00e3o de Im\u00f3veis Comerciais e Residenciais de Juiz de Fora \u2013 [&hellip;]<\/p>\n","protected":false},"author":96,"featured_media":0,"comment_status":"closed","ping_status":"closed","sticky":false,"template":"","format":"standard","meta":{"footnotes":""},"categories":[307],"tags":[],"class_list":["post-138681","post","type-post","status-publish","format-standard","hentry","category-editais"],"_links":{"self":[{"href":"https:\/\/diarioregionaldigital.com.br\/index.php?rest_route=\/wp\/v2\/posts\/138681","targetHints":{"allow":["GET"]}}],"collection":[{"href":"https:\/\/diarioregionaldigital.com.br\/index.php?rest_route=\/wp\/v2\/posts"}],"about":[{"href":"https:\/\/diarioregionaldigital.com.br\/index.php?rest_route=\/wp\/v2\/types\/post"}],"author":[{"embeddable":true,"href":"https:\/\/diarioregionaldigital.com.br\/index.php?rest_route=\/wp\/v2\/users\/96"}],"replies":[{"embeddable":true,"href":"https:\/\/diarioregionaldigital.com.br\/index.php?rest_route=%2Fwp%2Fv2%2Fcomments&post=138681"}],"version-history":[{"count":0,"href":"https:\/\/diarioregionaldigital.com.br\/index.php?rest_route=\/wp\/v2\/posts\/138681\/revisions"}],"wp:attachment":[{"href":"https:\/\/diarioregionaldigital.com.br\/index.php?rest_route=%2Fwp%2Fv2%2Fmedia&parent=138681"}],"wp:term":[{"taxonomy":"category","embeddable":true,"href":"https:\/\/diarioregionaldigital.com.br\/index.php?rest_route=%2Fwp%2Fv2%2Fcategories&post=138681"},{"taxonomy":"post_tag","embeddable":true,"href":"https:\/\/diarioregionaldigital.com.br\/index.php?rest_route=%2Fwp%2Fv2%2Ftags&post=138681"}],"curies":[{"name":"wp","href":"https:\/\/api.w.org\/{rel}","templated":true}]}}