{"id":138679,"date":"2019-04-23T06:00:11","date_gmt":"2019-04-23T09:00:11","guid":{"rendered":"https:\/\/diarioregionaldigital.com.br\/?p=138679"},"modified":"2019-04-22T18:21:48","modified_gmt":"2019-04-22T21:21:48","slug":"associacao-brasileira-convocacao-ago-abbac-2019-23-04-19","status":"publish","type":"post","link":"https:\/\/diarioregionaldigital.com.br\/?p=138679","title":{"rendered":"Associa\u00e7\u00e3o Brasileira &#8211; Convoca\u00e7\u00e3o AGO ABBAC 2019 &#8211; 23\/04\/19"},"content":{"rendered":"<p style=\"text-align: center;\"><strong>ASSOCIA\u00c7\u00c3O BRASILEIRA BENEFICENTE DE APOIO AO CIDAD\u00c3O &#8211; EDITAL DE CONVOCA\u00c7\u00c3O &#8211;<\/strong><\/p>\n<p style=\"text-align: center;\"><strong>ASSEMBLEIA GERAL ORDIN\u00c1RIA<\/strong><\/p>\n<p style=\"text-align: left;\">O Presidente da Diretoria da Associa\u00e7\u00e3o Brasileira Beneficente de Apoio ao Cidad\u00e3o &#8211; ABBAC, situada na Av. Bar\u00e3o do Rio Branco n\u00ba2288\/1907, bairro Centro, Juiz de Fora\/MG, CEP 36.016-310, inscrito no CNPJ n\u00ba 07.030.719\/0001-14, no uso de suas atribui\u00e7\u00f5es e na forma convencional prevista, de acordo as Leis vigentes e no Estatuto da Associa\u00e7\u00e3o, bem como nas demais legisla\u00e7\u00f5es supervenientes aplic\u00e1veis e inerentes \u00e0 ASSOCIA\u00c7\u00c3O, convoca os ASSOCIADOS\u00a0 para uma Assembleia Geral Ordin\u00e1ria para deliberar sobre a seguinte pauta:<\/p>\n<ol style=\"text-align: center;\">\n<li style=\"text-align: left;\">Apreciar e deliberar sobre o balancete do 1\u00ba trimestre de 2019\u201d;<\/li>\n<li style=\"text-align: left;\">Examinar o Balan\u00e7o Geral de 2018, incluindo a demonstra\u00e7\u00e3o de Receita e Despesa;<\/li>\n<li style=\"text-align: left;\">Apreciar e deliberar sobre a presta\u00e7\u00e3o de Contas da Diretoria e Parecer do Conselho Fiscal de 2018 e 1\u00ba trimestre de 2019;<\/li>\n<li style=\"text-align: left;\">Apreciar e deliberar sobre a Proposta Or\u00e7ament\u00e1ria de 2019, dentre outros assuntos, o reajuste da taxa de manuten\u00e7\u00e3o para titulares e dependentes;<\/li>\n<li style=\"text-align: left;\">Outros assuntos de interesse social.<\/li>\n<\/ol>\n<p style=\"text-align: left;\"><strong>Data<\/strong>: 06.05.2019 (segunda-feira)<\/p>\n<p style=\"text-align: left;\"><strong>Local: <\/strong>Sede. Av. Bar\u00e3o do Rio Branco n\u00ba2288\/1907, bairro Centro, Juiz de Fora\/MG, CEP 36.016-310.<\/p>\n<p style=\"text-align: left;\">Primeira chamada: \u00e0s 18h00, com a presen\u00e7a da metade mais um. Segunda chamada: \u00e0s 18h30 com qualquer n\u00famero. \u00c9 l\u00edcito aos Senhores Associados se fazerem representar na Assembleia, ora convocada, por procuradores, munidos com procura\u00e7\u00f5es espec\u00edficas. A aus\u00eancia dos senhores Associados n\u00e3o os desobrigam de aceitarem como t\u00e1cita concord\u00e2ncia aos assuntos que forem tratados e deliberados. Os Associados em atraso no cumprimento de suas obriga\u00e7\u00f5es n\u00e3o poder\u00e3o exercer o direito do voto nas delibera\u00e7\u00f5es.<\/p>\n<p style=\"text-align: center;\"><strong>Juiz de Fora\/MG, 22 de abril de 2019.<\/strong><\/p>\n<p style=\"text-align: center;\"><strong>Presidente da Diretoria<\/strong><\/p>\n<p style=\"text-align: center;\"><strong>Izabel Cristina Ribeiro Carpanez (2018\/2020)<\/strong><\/p>\n","protected":false},"excerpt":{"rendered":"<p>ASSOCIA\u00c7\u00c3O BRASILEIRA BENEFICENTE DE APOIO AO CIDAD\u00c3O &#8211; EDITAL DE CONVOCA\u00c7\u00c3O &#8211; ASSEMBLEIA GERAL ORDIN\u00c1RIA O Presidente da Diretoria da Associa\u00e7\u00e3o Brasileira Beneficente de Apoio ao Cidad\u00e3o &#8211; ABBAC, situada na Av. Bar\u00e3o do Rio Branco n\u00ba2288\/1907, bairro Centro, Juiz de Fora\/MG, CEP 36.016-310, inscrito no CNPJ n\u00ba 07.030.719\/0001-14, no uso de suas atribui\u00e7\u00f5es e [&hellip;]<\/p>\n","protected":false},"author":96,"featured_media":0,"comment_status":"closed","ping_status":"closed","sticky":false,"template":"","format":"standard","meta":{"footnotes":""},"categories":[307],"tags":[],"class_list":["post-138679","post","type-post","status-publish","format-standard","hentry","category-editais"],"_links":{"self":[{"href":"https:\/\/diarioregionaldigital.com.br\/index.php?rest_route=\/wp\/v2\/posts\/138679","targetHints":{"allow":["GET"]}}],"collection":[{"href":"https:\/\/diarioregionaldigital.com.br\/index.php?rest_route=\/wp\/v2\/posts"}],"about":[{"href":"https:\/\/diarioregionaldigital.com.br\/index.php?rest_route=\/wp\/v2\/types\/post"}],"author":[{"embeddable":true,"href":"https:\/\/diarioregionaldigital.com.br\/index.php?rest_route=\/wp\/v2\/users\/96"}],"replies":[{"embeddable":true,"href":"https:\/\/diarioregionaldigital.com.br\/index.php?rest_route=%2Fwp%2Fv2%2Fcomments&post=138679"}],"version-history":[{"count":0,"href":"https:\/\/diarioregionaldigital.com.br\/index.php?rest_route=\/wp\/v2\/posts\/138679\/revisions"}],"wp:attachment":[{"href":"https:\/\/diarioregionaldigital.com.br\/index.php?rest_route=%2Fwp%2Fv2%2Fmedia&parent=138679"}],"wp:term":[{"taxonomy":"category","embeddable":true,"href":"https:\/\/diarioregionaldigital.com.br\/index.php?rest_route=%2Fwp%2Fv2%2Fcategories&post=138679"},{"taxonomy":"post_tag","embeddable":true,"href":"https:\/\/diarioregionaldigital.com.br\/index.php?rest_route=%2Fwp%2Fv2%2Ftags&post=138679"}],"curies":[{"name":"wp","href":"https:\/\/api.w.org\/{rel}","templated":true}]}}