{"id":138677,"date":"2019-04-23T06:00:33","date_gmt":"2019-04-23T09:00:33","guid":{"rendered":"https:\/\/diarioregionaldigital.com.br\/?p=138677"},"modified":"2019-04-22T17:16:40","modified_gmt":"2019-04-22T20:16:40","slug":"atencao-atencao","status":"publish","type":"post","link":"https:\/\/diarioregionaldigital.com.br\/?p=138677","title":{"rendered":"Aten\u00e7\u00e3o&#8230; Aten\u00e7\u00e3o"},"content":{"rendered":"<p style=\"text-align: center;\"><strong>Olha s\u00f3 <\/strong><\/p>\n<p style=\"text-align: center;\">O projeto de Recupera\u00e7\u00e3o Fiscal, a ser enviado pelo governo estadual \u00e0 ALMG, j\u00e1 provoca pol\u00eamica. Representando o pensamento da maioria dos deputados, o presidente da Casa, Agostinho Patrus (PV), duvida que a aprova\u00e7\u00e3o da mat\u00e9ria resolva o entrave da d\u00edvida do estado com a Uni\u00e3o, al\u00e9m de trazer in\u00fameros problemas aos funcion\u00e1rios p\u00fablicos.<\/p>\n<p style=\"text-align: center;\"><strong>No Arm\u00e1rio<\/strong><\/p>\n<p style=\"text-align: center;\">O m\u00fasico Marcos Sacramento faz a linha modernette. Aos 58 anos saiu oficialmente do arm\u00e1rio. A m\u00fasica \u201cDrago\u201d do \u00e1lbum de 12 faixas j\u00e1 est\u00e1 pipocando nas plataformas sociais. A melodia que d\u00e1 t\u00edtulo ao seu novo disco \u00e9 inspirada no bartender marroquino moren\u00e3o que ele conheceu no sul da Fran\u00e7a.<\/p>\n<p style=\"text-align: center;\"><strong>Aten\u00e7\u00e3o&#8230; Aten\u00e7\u00e3o<\/strong><\/p>\n<p style=\"text-align: center;\">Em momento de alerta total, dados da SES-MG apontam que, at\u00e9 o \u00faltimo levantamento, foram registrados 99.599 prov\u00e1veis casos de dengue apenas nos tr\u00eas primeiros meses de 2019, sendo confirmados 12 mortes e outras 33 que ainda est\u00e3o sob investiga\u00e7\u00e3o. Os cidad\u00e3os podem ter um papel fundamental para reverter esse quadro de epidemia. Estamos de olho!<\/p>\n<p style=\"text-align: center;\"><strong>Novidade<\/strong><\/p>\n<p style=\"text-align: center;\">Seguindo a tend\u00eancia dos jogos Ol\u00edmpicos de T\u00f3quio, em 2020, o COI avalia a possibilidade de incluir mais modalidades para Paris, em 2024, e o breack dance pode passar a integrar o quadro esportivo do evento.<\/p>\n<div id=\"attachment_138659\" style=\"width: 690px\" class=\"wp-caption aligncenter\"><img loading=\"lazy\" decoding=\"async\" aria-describedby=\"caption-attachment-138659\" class=\"wp-image-138659\" src=\"https:\/\/diarioregionaldigital.com.br\/wp-content\/uploads\/2019\/04\/fotoa-15-e1555963640728.jpg\" alt=\"\" width=\"680\" height=\"480\" srcset=\"https:\/\/diarioregionaldigital.com.br\/wp-content\/uploads\/2019\/04\/fotoa-15-e1555963640728.jpg 1622w, https:\/\/diarioregionaldigital.com.br\/wp-content\/uploads\/2019\/04\/fotoa-15-e1555963640728-300x212.jpg 300w, https:\/\/diarioregionaldigital.com.br\/wp-content\/uploads\/2019\/04\/fotoa-15-e1555963640728-768x543.jpg 768w, https:\/\/diarioregionaldigital.com.br\/wp-content\/uploads\/2019\/04\/fotoa-15-e1555963640728-1024x723.jpg 1024w, https:\/\/diarioregionaldigital.com.br\/wp-content\/uploads\/2019\/04\/fotoa-15-e1555963640728-750x530.jpg 750w, https:\/\/diarioregionaldigital.com.br\/wp-content\/uploads\/2019\/04\/fotoa-15-e1555963640728-360x254.jpg 360w, https:\/\/diarioregionaldigital.com.br\/wp-content\/uploads\/2019\/04\/fotoa-15-e1555963640728-100x70.jpg 100w\" sizes=\"auto, (max-width: 680px) 100vw, 680px\" \/><p id=\"caption-attachment-138659\" class=\"wp-caption-text\">Durante o Caf\u00e9 Filos\u00f3fico realizado no Espa\u00e7o Excalibur, presen\u00e7as not\u00e1veis: Prof. Juarez Sofiste, prof. Marisa Timponi, J\u00falia Motta, Maria Jos\u00e9 Furtado, Sessi Freitas, Juber Pac\u00edfico (coordenador) e Marcelo Esp\u00edndola<\/p><\/div>\n<div id=\"attachment_138660\" style=\"width: 690px\" class=\"wp-caption aligncenter\"><img loading=\"lazy\" decoding=\"async\" aria-describedby=\"caption-attachment-138660\" class=\"wp-image-138660\" src=\"https:\/\/diarioregionaldigital.com.br\/wp-content\/uploads\/2019\/04\/fotob-15-e1555963663286.jpg\" alt=\"\" width=\"680\" height=\"519\" srcset=\"https:\/\/diarioregionaldigital.com.br\/wp-content\/uploads\/2019\/04\/fotob-15-e1555963663286.jpg 1166w, https:\/\/diarioregionaldigital.com.br\/wp-content\/uploads\/2019\/04\/fotob-15-e1555963663286-300x229.jpg 300w, https:\/\/diarioregionaldigital.com.br\/wp-content\/uploads\/2019\/04\/fotob-15-e1555963663286-768x586.jpg 768w, https:\/\/diarioregionaldigital.com.br\/wp-content\/uploads\/2019\/04\/fotob-15-e1555963663286-1024x782.jpg 1024w, https:\/\/diarioregionaldigital.com.br\/wp-content\/uploads\/2019\/04\/fotob-15-e1555963663286-360x275.jpg 360w\" sizes=\"auto, (max-width: 680px) 100vw, 680px\" \/><p id=\"caption-attachment-138660\" class=\"wp-caption-text\">Lindos e alto astral no Festeja JF, Lara Coelho, Ava Gambel e Fernanda Borges<\/p><\/div>\n<div id=\"attachment_138662\" style=\"width: 690px\" class=\"wp-caption aligncenter\"><img loading=\"lazy\" decoding=\"async\" aria-describedby=\"caption-attachment-138662\" class=\"wp-image-138662\" src=\"https:\/\/diarioregionaldigital.com.br\/wp-content\/uploads\/2019\/04\/fotoc-15-e1555963690164.jpg\" alt=\"\" width=\"680\" height=\"507\" srcset=\"https:\/\/diarioregionaldigital.com.br\/wp-content\/uploads\/2019\/04\/fotoc-15-e1555963690164.jpg 1174w, https:\/\/diarioregionaldigital.com.br\/wp-content\/uploads\/2019\/04\/fotoc-15-e1555963690164-300x224.jpg 300w, https:\/\/diarioregionaldigital.com.br\/wp-content\/uploads\/2019\/04\/fotoc-15-e1555963690164-768x572.jpg 768w, https:\/\/diarioregionaldigital.com.br\/wp-content\/uploads\/2019\/04\/fotoc-15-e1555963690164-1024x763.jpg 1024w, https:\/\/diarioregionaldigital.com.br\/wp-content\/uploads\/2019\/04\/fotoc-15-e1555963690164-360x268.jpg 360w\" sizes=\"auto, (max-width: 680px) 100vw, 680px\" \/><p id=\"caption-attachment-138662\" class=\"wp-caption-text\">Em contagem regressiva para o show do Ra\u00e7a Negra, Rafael Itz e Leandro Oliveira Carvalho<\/p><\/div>\n<div id=\"attachment_138663\" style=\"width: 690px\" class=\"wp-caption aligncenter\"><img loading=\"lazy\" decoding=\"async\" aria-describedby=\"caption-attachment-138663\" class=\"wp-image-138663\" src=\"https:\/\/diarioregionaldigital.com.br\/wp-content\/uploads\/2019\/04\/fotod-9-e1555963715971.jpg\" alt=\"\" width=\"680\" height=\"485\" srcset=\"https:\/\/diarioregionaldigital.com.br\/wp-content\/uploads\/2019\/04\/fotod-9-e1555963715971.jpg 1034w, https:\/\/diarioregionaldigital.com.br\/wp-content\/uploads\/2019\/04\/fotod-9-e1555963715971-300x214.jpg 300w, https:\/\/diarioregionaldigital.com.br\/wp-content\/uploads\/2019\/04\/fotod-9-e1555963715971-768x547.jpg 768w, https:\/\/diarioregionaldigital.com.br\/wp-content\/uploads\/2019\/04\/fotod-9-e1555963715971-1024x730.jpg 1024w, https:\/\/diarioregionaldigital.com.br\/wp-content\/uploads\/2019\/04\/fotod-9-e1555963715971-360x257.jpg 360w, https:\/\/diarioregionaldigital.com.br\/wp-content\/uploads\/2019\/04\/fotod-9-e1555963715971-100x70.jpg 100w\" sizes=\"auto, (max-width: 680px) 100vw, 680px\" \/><p id=\"caption-attachment-138663\" class=\"wp-caption-text\">Contabilizando sucesso na produ\u00e7\u00e3o do Aviva JF, os not\u00e1veis Diego Santos e Felipe Santos<\/p><\/div>\n<div id=\"attachment_138664\" style=\"width: 690px\" class=\"wp-caption aligncenter\"><img loading=\"lazy\" decoding=\"async\" aria-describedby=\"caption-attachment-138664\" class=\"wp-image-138664\" src=\"https:\/\/diarioregionaldigital.com.br\/wp-content\/uploads\/2019\/04\/fotoe-11-e1555963735322.jpg\" alt=\"\" width=\"680\" height=\"497\" srcset=\"https:\/\/diarioregionaldigital.com.br\/wp-content\/uploads\/2019\/04\/fotoe-11-e1555963735322.jpg 1610w, https:\/\/diarioregionaldigital.com.br\/wp-content\/uploads\/2019\/04\/fotoe-11-e1555963735322-300x219.jpg 300w, https:\/\/diarioregionaldigital.com.br\/wp-content\/uploads\/2019\/04\/fotoe-11-e1555963735322-768x561.jpg 768w, https:\/\/diarioregionaldigital.com.br\/wp-content\/uploads\/2019\/04\/fotoe-11-e1555963735322-1024x748.jpg 1024w, https:\/\/diarioregionaldigital.com.br\/wp-content\/uploads\/2019\/04\/fotoe-11-e1555963735322-360x263.jpg 360w\" sizes=\"auto, (max-width: 680px) 100vw, 680px\" \/><p id=\"caption-attachment-138664\" class=\"wp-caption-text\">Na Sui\u00e7a esnobando charme, Vera Alice Tam e a filha Sarah Costa<\/p><\/div>\n<div id=\"attachment_138665\" style=\"width: 690px\" class=\"wp-caption aligncenter\"><img loading=\"lazy\" decoding=\"async\" aria-describedby=\"caption-attachment-138665\" class=\"wp-image-138665\" src=\"https:\/\/diarioregionaldigital.com.br\/wp-content\/uploads\/2019\/04\/fotof-13-e1555963779682.jpg\" alt=\"\" width=\"680\" height=\"485\" srcset=\"https:\/\/diarioregionaldigital.com.br\/wp-content\/uploads\/2019\/04\/fotof-13-e1555963779682.jpg 1461w, https:\/\/diarioregionaldigital.com.br\/wp-content\/uploads\/2019\/04\/fotof-13-e1555963779682-300x214.jpg 300w, https:\/\/diarioregionaldigital.com.br\/wp-content\/uploads\/2019\/04\/fotof-13-e1555963779682-768x548.jpg 768w, https:\/\/diarioregionaldigital.com.br\/wp-content\/uploads\/2019\/04\/fotof-13-e1555963779682-1024x730.jpg 1024w, https:\/\/diarioregionaldigital.com.br\/wp-content\/uploads\/2019\/04\/fotof-13-e1555963779682-360x257.jpg 360w, https:\/\/diarioregionaldigital.com.br\/wp-content\/uploads\/2019\/04\/fotof-13-e1555963779682-100x70.jpg 100w\" sizes=\"auto, (max-width: 680px) 100vw, 680px\" \/><p id=\"caption-attachment-138665\" class=\"wp-caption-text\">Na Assunta, as panteras Silvana Paiva Pinto, Florinha Carmo (aniversariando) e Irene Barros<\/p><\/div>\n<div id=\"attachment_138666\" style=\"width: 690px\" class=\"wp-caption aligncenter\"><img loading=\"lazy\" decoding=\"async\" aria-describedby=\"caption-attachment-138666\" class=\"wp-image-138666\" src=\"https:\/\/diarioregionaldigital.com.br\/wp-content\/uploads\/2019\/04\/fotog-13-e1555963802338.jpg\" alt=\"\" width=\"680\" height=\"489\" srcset=\"https:\/\/diarioregionaldigital.com.br\/wp-content\/uploads\/2019\/04\/fotog-13-e1555963802338.jpg 1623w, https:\/\/diarioregionaldigital.com.br\/wp-content\/uploads\/2019\/04\/fotog-13-e1555963802338-300x216.jpg 300w, https:\/\/diarioregionaldigital.com.br\/wp-content\/uploads\/2019\/04\/fotog-13-e1555963802338-768x553.jpg 768w, https:\/\/diarioregionaldigital.com.br\/wp-content\/uploads\/2019\/04\/fotog-13-e1555963802338-1024x737.jpg 1024w, https:\/\/diarioregionaldigital.com.br\/wp-content\/uploads\/2019\/04\/fotog-13-e1555963802338-360x259.jpg 360w\" sizes=\"auto, (max-width: 680px) 100vw, 680px\" \/><p id=\"caption-attachment-138666\" class=\"wp-caption-text\">No coquetel da Thema, os advogados Wellerson Guedes e Roberto Chaves com Eduardo Gomes<\/p><\/div>\n<div id=\"attachment_138667\" style=\"width: 690px\" class=\"wp-caption aligncenter\"><img loading=\"lazy\" decoding=\"async\" aria-describedby=\"caption-attachment-138667\" class=\"wp-image-138667\" src=\"https:\/\/diarioregionaldigital.com.br\/wp-content\/uploads\/2019\/04\/fotoh-9-e1555963823388.jpg\" alt=\"\" width=\"680\" height=\"518\" srcset=\"https:\/\/diarioregionaldigital.com.br\/wp-content\/uploads\/2019\/04\/fotoh-9-e1555963823388.jpg 1176w, https:\/\/diarioregionaldigital.com.br\/wp-content\/uploads\/2019\/04\/fotoh-9-e1555963823388-300x229.jpg 300w, https:\/\/diarioregionaldigital.com.br\/wp-content\/uploads\/2019\/04\/fotoh-9-e1555963823388-768x585.jpg 768w, https:\/\/diarioregionaldigital.com.br\/wp-content\/uploads\/2019\/04\/fotoh-9-e1555963823388-1024x780.jpg 1024w, https:\/\/diarioregionaldigital.com.br\/wp-content\/uploads\/2019\/04\/fotoh-9-e1555963823388-360x274.jpg 360w\" sizes=\"auto, (max-width: 680px) 100vw, 680px\" \/><p id=\"caption-attachment-138667\" class=\"wp-caption-text\">Prestigiando a Feijoada da Ascomcer no Trade Hotel, Cl\u00e1udia Matos<\/p><\/div>\n<p style=\"text-align: center;\"><strong>FOTOSS\u00cdNTESE<\/strong><\/p>\n<p>Em momentos de decis\u00e3o, trabalhadores da Mercedes de Juiz de Fora paralisaram as atividades e lotaram o plen\u00e1rio da C\u00e2mara Municipal de Juiz de Fora, onde o futuro da empresa foi debatido. A montadora confirma transfer\u00eancia do Actros para S\u00e3o Bernardo (SP). E agora Jos\u00e9?<\/p>\n<p>Com medalha de ouro a linda fisiculturista de Juiz de Fora Ester Ferreira sagrou-se bicampe\u00e3 do Arnold Sport da Am\u00e9rica do Sul. Ela \u00e9 de Santos Dumont e radicada na Princesa de Minas.<\/p>\n<p>Reunindo mulheres elegantes, Laura Messias Finamore promoveu ch\u00e1 beneficente no Unique, onde lan\u00e7ou a A\u00e7\u00e3o Social Lucy Messias em homenagem a sua av\u00f3 que teve incans\u00e1vel trabalho presidindo a Ascomcer e a Casa da Amizade. Belo gesto.<\/p>\n<p>Vibrando muito e com elevado n\u00edvel t\u00e9cnico, o t\u00edtulo masculino da 5\u00aa Ta\u00e7a Juiz de Fora de Voleibol apontou a equipe local do Univ\u00f4lei. Realizado no Sesc Pousada o time derrotou o Reunidos de Barbacena.<\/p>\n<p>Agendado para 11 de maio, na Toca da Raposa, o Baile das M\u00e3es orquestrado pelos festeiros Z\u00e9 Kodak e Marcelo Barra.<\/p>\n<p>Muito querida por todos, a querida escritora Margareth Marinho lan\u00e7ou no parque do Museu Mariano Proc\u00f3pio seu sexto livro \u201cManual de Saciologia\u201d. O saci \u00e9 o tema decorrente.<\/p>\n<p>Com a composi\u00e7\u00e3o \u201cZ\u00e9 do Boi\u201d, Carlos da Cruz Moreira vai representar Juiz de Fora na final do 10\u00ba Festival Sesi de M\u00fasica, dia 27, em Contagem (MG).<\/p>\n<p>At\u00e9 28 de abril, o CCBM recebe exposi\u00e7\u00e3o de 50 desenhos de Ot\u00e1vio Subtil com quadrinhos que mostram personagens famosos do universo da cultura nerd.<\/p>\n<p>Ouvi no elevador: o olhudo e a olhuda est\u00e3o de volta se intrometendo na vida de quem trabalha s\u00e9rio.<\/p>\n<p>Suavizando: \u201cO segredo \u00e9 n\u00e3o correr atr\u00e1s das borboletas&#8230; \u00c9 cuidar do Jardim para que elas venham at\u00e9 voc\u00ea\u201d. (Mario Quintana). Bom dia!<\/p>\n<p><img loading=\"lazy\" decoding=\"async\" class=\"aligncenter size-full wp-image-137824\" src=\"https:\/\/diarioregionaldigital.com.br\/wp-content\/uploads\/2019\/04\/arte-nova.jpg\" alt=\"\" width=\"3493\" height=\"2431\" srcset=\"https:\/\/diarioregionaldigital.com.br\/wp-content\/uploads\/2019\/04\/arte-nova.jpg 3493w, https:\/\/diarioregionaldigital.com.br\/wp-content\/uploads\/2019\/04\/arte-nova-300x210.jpg 300w, https:\/\/diarioregionaldigital.com.br\/wp-content\/uploads\/2019\/04\/arte-nova-768x534.jpg 768w, https:\/\/diarioregionaldigital.com.br\/wp-content\/uploads\/2019\/04\/arte-nova-1024x713.jpg 1024w, https:\/\/diarioregionaldigital.com.br\/wp-content\/uploads\/2019\/04\/arte-nova-360x251.jpg 360w, https:\/\/diarioregionaldigital.com.br\/wp-content\/uploads\/2019\/04\/arte-nova-100x70.jpg 100w\" sizes=\"auto, (max-width: 3493px) 100vw, 3493px\" \/><\/p>\n","protected":false},"excerpt":{"rendered":"<p>Olha s\u00f3 O projeto de Recupera\u00e7\u00e3o Fiscal, a ser enviado pelo governo estadual \u00e0 ALMG, j\u00e1 provoca pol\u00eamica. Representando o pensamento da maioria dos deputados, o presidente da Casa, Agostinho Patrus (PV), duvida que a aprova\u00e7\u00e3o da mat\u00e9ria resolva o entrave da d\u00edvida do estado com a Uni\u00e3o, al\u00e9m de trazer in\u00fameros problemas aos funcion\u00e1rios [&hellip;]<\/p>\n","protected":false},"author":96,"featured_media":138659,"comment_status":"closed","ping_status":"closed","sticky":false,"template":"","format":"standard","meta":{"footnotes":""},"categories":[264],"tags":[],"class_list":["post-138677","post","type-post","status-publish","format-standard","has-post-thumbnail","hentry","category-eduardo-gomes"],"_links":{"self":[{"href":"https:\/\/diarioregionaldigital.com.br\/index.php?rest_route=\/wp\/v2\/posts\/138677","targetHints":{"allow":["GET"]}}],"collection":[{"href":"https:\/\/diarioregionaldigital.com.br\/index.php?rest_route=\/wp\/v2\/posts"}],"about":[{"href":"https:\/\/diarioregionaldigital.com.br\/index.php?rest_route=\/wp\/v2\/types\/post"}],"author":[{"embeddable":true,"href":"https:\/\/diarioregionaldigital.com.br\/index.php?rest_route=\/wp\/v2\/users\/96"}],"replies":[{"embeddable":true,"href":"https:\/\/diarioregionaldigital.com.br\/index.php?rest_route=%2Fwp%2Fv2%2Fcomments&post=138677"}],"version-history":[{"count":0,"href":"https:\/\/diarioregionaldigital.com.br\/index.php?rest_route=\/wp\/v2\/posts\/138677\/revisions"}],"wp:featuredmedia":[{"embeddable":true,"href":"https:\/\/diarioregionaldigital.com.br\/index.php?rest_route=\/wp\/v2\/media\/138659"}],"wp:attachment":[{"href":"https:\/\/diarioregionaldigital.com.br\/index.php?rest_route=%2Fwp%2Fv2%2Fmedia&parent=138677"}],"wp:term":[{"taxonomy":"category","embeddable":true,"href":"https:\/\/diarioregionaldigital.com.br\/index.php?rest_route=%2Fwp%2Fv2%2Fcategories&post=138677"},{"taxonomy":"post_tag","embeddable":true,"href":"https:\/\/diarioregionaldigital.com.br\/index.php?rest_route=%2Fwp%2Fv2%2Ftags&post=138677"}],"curies":[{"name":"wp","href":"https:\/\/api.w.org\/{rel}","templated":true}]}}