{"id":138669,"date":"2019-04-22T16:57:19","date_gmt":"2019-04-22T19:57:19","guid":{"rendered":"https:\/\/diarioregionaldigital.com.br\/?p=138669"},"modified":"2019-04-22T16:57:19","modified_gmt":"2019-04-22T19:57:19","slug":"alunos-que-tiveram-a-isencao-no-enem-negada-podem-entrar-com-recurso","status":"publish","type":"post","link":"https:\/\/diarioregionaldigital.com.br\/?p=138669","title":{"rendered":"Alunos que tiveram a isen\u00e7\u00e3o no Enem negada podem entrar com recurso"},"content":{"rendered":"<p>Os estudantes que tiveram o pedido de isen\u00e7\u00e3o da taxa do Exame Nacional do Ensino M\u00e9dio (Enem) negado, podem entrar com recurso pela internet, a\u00a0partir desta segunda-feira, 22, no\u00a0Sistema Enem. O prazo para que isso seja feito vai at\u00e9\u00a0sexta-feira, 26.<\/p>\n<p>Para a solicita\u00e7\u00e3o de recurso, o participante dever\u00e1 enviar documenta\u00e7\u00e3o espec\u00edfica,\u00a0prevista no edital do exame. Ser\u00e3o aceitos somente documentos nos formatos PDF, PNG ou JPG, com o tamanho m\u00e1ximo de 2MB.<\/p>\n<p>O resultado do recurso ser\u00e1 divulgado tamb\u00e9m pela internet, a partir de\u00a02 de maio.<\/p>\n<p>Ao todo, 3.687.527 estudantes solicitaram a isen\u00e7\u00e3o da taxa de inscri\u00e7\u00e3o do Exame Nacional do Ensino M\u00e9dio (Enem) 2019, de acordo com o Instituto Nacional de Estudos e Pesquisas Educacionais An\u00edsio Teixeira (Inep).<\/p>\n<p>O prazo para pedir a isen\u00e7\u00e3o da taxa do Enem terminou no \u00faltimo dia 10. A taxa de inscri\u00e7\u00e3o deste ano \u00e9 R$ 85. O resultado est\u00e1 dispon\u00edvel desde o dia 17 na\u00a0P\u00e1gina do Participante. Para consultar o resultado, \u00e9 necess\u00e1rio informar o CPF e a senha criada na hora de fazer a solicita\u00e7\u00e3o.<\/p>\n<p>Para participar do exame, os estudantes &#8211; com ou sem isen\u00e7\u00e3o da taxa &#8211; devem fazer a inscri\u00e7\u00e3o no per\u00edodo de 6 a\u00a017 de maio.<\/p>\n<h2>Estudantes isentos<\/h2>\n<p>T\u00eam direito \u00e0 isen\u00e7\u00e3o da taxa os estudantes que est\u00e3o cursando a \u00faltima s\u00e9rie do ensino m\u00e9dio em 2019 em escola da rede p\u00fablica; aqueles que cursaram todo o ensino m\u00e9dio em escola da rede p\u00fablica ou como bolsista integral na rede privada, com renda, por pessoa, igual ou menor que um sal\u00e1rio m\u00ednimo e meio, o que, em valores de 2019, equivale a R$ 1.497.<\/p>\n<p>S\u00e3o tamb\u00e9m isentos os participantes em situa\u00e7\u00e3o de vulnerabilidade socioecon\u00f4mica, ou seja, membros de fam\u00edlia de baixa renda com N\u00famero de Identifica\u00e7\u00e3o Social (NIS), \u00fanico e v\u00e1lido, com renda familiar por pessoa de at\u00e9 meio sal\u00e1rio m\u00ednimo (R$ 499), ou renda familiar mensal de at\u00e9 tr\u00eas sal\u00e1rios m\u00ednimos (R$ 2.994).<\/p>\n<h2>Enem 2019<\/h2>\n<p>O Enem ser\u00e1 aplicado nos dias 3 e\u00a010 de novembro. As notas do exame podem ser usadas para ingressar em institui\u00e7\u00e3o p\u00fablica pelo Sistema de Sele\u00e7\u00e3o Unificada (Sisu), para obter bolsas de estudo em institui\u00e7\u00f5es particulares de ensino superior pelo Programa Universidade para Todos (ProUni) e para obter financiamento pelo Fundo de Financiamento Estudantil (Fies).<\/p>\n<p>&nbsp;<\/p>\n<p>Fonte: Ag\u00eancia Brasil<\/p>\n","protected":false},"excerpt":{"rendered":"<p>Os estudantes que tiveram o pedido de isen\u00e7\u00e3o da taxa do Exame Nacional do Ensino M\u00e9dio (Enem) negado, podem entrar com recurso pela internet, a\u00a0partir desta segunda-feira, 22, no\u00a0Sistema Enem. O prazo para que isso seja feito vai at\u00e9\u00a0sexta-feira, 26. Para a solicita\u00e7\u00e3o de recurso, o participante dever\u00e1 enviar documenta\u00e7\u00e3o espec\u00edfica,\u00a0prevista no edital do exame. [&hellip;]<\/p>\n","protected":false},"author":96,"featured_media":135435,"comment_status":"closed","ping_status":"closed","sticky":false,"template":"","format":"standard","meta":{"footnotes":""},"categories":[302,436,262,439],"tags":[],"class_list":["post-138669","post","type-post","status-publish","format-standard","has-post-thumbnail","hentry","category-brasil-mundo","category-destaque-da-semana","category-noticias","category-ultima-hora"],"_links":{"self":[{"href":"https:\/\/diarioregionaldigital.com.br\/index.php?rest_route=\/wp\/v2\/posts\/138669","targetHints":{"allow":["GET"]}}],"collection":[{"href":"https:\/\/diarioregionaldigital.com.br\/index.php?rest_route=\/wp\/v2\/posts"}],"about":[{"href":"https:\/\/diarioregionaldigital.com.br\/index.php?rest_route=\/wp\/v2\/types\/post"}],"author":[{"embeddable":true,"href":"https:\/\/diarioregionaldigital.com.br\/index.php?rest_route=\/wp\/v2\/users\/96"}],"replies":[{"embeddable":true,"href":"https:\/\/diarioregionaldigital.com.br\/index.php?rest_route=%2Fwp%2Fv2%2Fcomments&post=138669"}],"version-history":[{"count":0,"href":"https:\/\/diarioregionaldigital.com.br\/index.php?rest_route=\/wp\/v2\/posts\/138669\/revisions"}],"wp:featuredmedia":[{"embeddable":true,"href":"https:\/\/diarioregionaldigital.com.br\/index.php?rest_route=\/wp\/v2\/media\/135435"}],"wp:attachment":[{"href":"https:\/\/diarioregionaldigital.com.br\/index.php?rest_route=%2Fwp%2Fv2%2Fmedia&parent=138669"}],"wp:term":[{"taxonomy":"category","embeddable":true,"href":"https:\/\/diarioregionaldigital.com.br\/index.php?rest_route=%2Fwp%2Fv2%2Fcategories&post=138669"},{"taxonomy":"post_tag","embeddable":true,"href":"https:\/\/diarioregionaldigital.com.br\/index.php?rest_route=%2Fwp%2Fv2%2Ftags&post=138669"}],"curies":[{"name":"wp","href":"https:\/\/api.w.org\/{rel}","templated":true}]}}