{"id":138656,"date":"2019-04-22T16:48:29","date_gmt":"2019-04-22T19:48:29","guid":{"rendered":"https:\/\/diarioregionaldigital.com.br\/?p=138656"},"modified":"2019-04-22T16:48:29","modified_gmt":"2019-04-22T19:48:29","slug":"nova-etapa-de-vacinacao-contra-a-gripe-inclui-forcas-de-seguranca","status":"publish","type":"post","link":"https:\/\/diarioregionaldigital.com.br\/?p=138656","title":{"rendered":"Nova etapa de vacina\u00e7\u00e3o contra a gripe inclui for\u00e7as de seguran\u00e7a"},"content":{"rendered":"<p>Profissionais das for\u00e7as de seguran\u00e7a e salvamento de todo o pa\u00eds passam a fazer parte, este ano, do p\u00fablico-alvo da Campanha Nacional de Vacina\u00e7\u00e3o contra a Influenza. De acordo com o Minist\u00e9rio da Sa\u00fade, o grupo inclui policiais civis, militares, bombeiros e membros ativos das For\u00e7as Armadas, totalizando cerca de 900 mil pessoas.<\/p>\n<p>\u201cEsses profissionais, assim como os demais j\u00e1 contemplados na campanha, s\u00e3o expostos em atividades de risco em locais de aglomera\u00e7\u00f5es, um dos principais fatores de propaga\u00e7\u00e3o do v\u00edrus da influenza\u201d, informou a pasta, por meio de nota. Segundo o minist\u00e9rio, 1 milh\u00e3o de doses extras foram adquiridas para dar conta da amplia\u00e7\u00e3o do p\u00fablico-alvo.<\/p>\n<h2>Segunda fase<\/h2>\n<p>At\u00e9 a semana passada, apenas crian\u00e7as, gestantes e pu\u00e9rperas (at\u00e9 45 dias ap\u00f3s o parto) estavam recebendo a dose contra a gripe nos postos de sa\u00fade. A partir desta segunda-feira, 22, todos os\u00a0grupos considerados priorit\u00e1rios\u00a0podem ir a uma unidade b\u00e1sica de sa\u00fade para serem imunizados.<\/p>\n<p>Al\u00e9m dos profissionais das for\u00e7as de seguran\u00e7a e salvamento, devem receber a vacina trabalhadores da sa\u00fade; povos ind\u00edgenas; idosos (a partir dos 60 anos); professores; pessoas com doen\u00e7as cr\u00f4nicas e outras categorias de risco cl\u00ednico; popula\u00e7\u00e3o privada de liberdade, incluindo adolescentes e jovens de 12 a 21 anos sob medidas socioeducativas; e funcion\u00e1rios do sistema prisional.<\/p>\n<p>A campanha segue at\u00e9 31 de maio. O minist\u00e9rio deve enviar aos estados um total de 64,7 milh\u00f5es de doses contra a gripe. A meta \u00e9 vacinar pelo menos 90% de cada um dos grupos considerados priorit\u00e1rios.<\/p>\n<h2>Vacina<\/h2>\n<p>A dose utilizada este ano sofreu mudan\u00e7as em duas das tr\u00eas cepas que comp\u00f5em a vacina e protege contra os tr\u00eas subtipos do v\u00edrus da gripe que mais circularam no Hemisf\u00e9rio Sul ao longo de 2018, conforme determina\u00e7\u00e3o da Organiza\u00e7\u00e3o Mundial da Sa\u00fade (OMS) \u2013 incluindo o H1N1.<\/p>\n<p>\u201cA vacina contra gripe \u00e9 segura e reduz as complica\u00e7\u00f5es que podem produzir casos graves da doen\u00e7a\u201d, refor\u00e7ou a pasta.<\/p>\n<h2>Casos<\/h2>\n<p>Este ano, at\u00e9 13 de abril, foram registrados 369 casos de influenza em todo o pa\u00eds, com 67 \u00f3bitos. At\u00e9 o momento, o subtipo predominante no Brasil \u00e9 o H1N1, que responde por 192 casos e 47 mortes. O Amazonas \u00e9 o estado que apresenta maior circula\u00e7\u00e3o do v\u00edrus, com 130 casos e 34 mortes.<\/p>\n<p>De acordo com o minist\u00e9rio, todos os estados est\u00e3o abastecidos com o fosfato de oseltamivir, indicado para o tratamento contra o H1N1, e devem disponibiliz\u00e1-lo de forma estrat\u00e9gica em suas unidades de sa\u00fade. O tratamento deve ser realizado, preferencialmente, nas primeiras 48 horas ap\u00f3s o in\u00edcio dos sintomas.<\/p>\n<p>&nbsp;<\/p>\n<p>&nbsp;<\/p>\n<p>Fonte: Ag\u00eancia Brasil.<\/p>\n","protected":false},"excerpt":{"rendered":"<p>Profissionais das for\u00e7as de seguran\u00e7a e salvamento de todo o pa\u00eds passam a fazer parte, este ano, do p\u00fablico-alvo da Campanha Nacional de Vacina\u00e7\u00e3o contra a Influenza. De acordo com o Minist\u00e9rio da Sa\u00fade, o grupo inclui policiais civis, militares, bombeiros e membros ativos das For\u00e7as Armadas, totalizando cerca de 900 mil pessoas. \u201cEsses profissionais, [&hellip;]<\/p>\n","protected":false},"author":96,"featured_media":138657,"comment_status":"closed","ping_status":"closed","sticky":false,"template":"","format":"standard","meta":{"footnotes":""},"categories":[253,436,262,439],"tags":[],"class_list":["post-138656","post","type-post","status-publish","format-standard","has-post-thumbnail","hentry","category-cidade","category-destaque-da-semana","category-noticias","category-ultima-hora"],"_links":{"self":[{"href":"https:\/\/diarioregionaldigital.com.br\/index.php?rest_route=\/wp\/v2\/posts\/138656","targetHints":{"allow":["GET"]}}],"collection":[{"href":"https:\/\/diarioregionaldigital.com.br\/index.php?rest_route=\/wp\/v2\/posts"}],"about":[{"href":"https:\/\/diarioregionaldigital.com.br\/index.php?rest_route=\/wp\/v2\/types\/post"}],"author":[{"embeddable":true,"href":"https:\/\/diarioregionaldigital.com.br\/index.php?rest_route=\/wp\/v2\/users\/96"}],"replies":[{"embeddable":true,"href":"https:\/\/diarioregionaldigital.com.br\/index.php?rest_route=%2Fwp%2Fv2%2Fcomments&post=138656"}],"version-history":[{"count":0,"href":"https:\/\/diarioregionaldigital.com.br\/index.php?rest_route=\/wp\/v2\/posts\/138656\/revisions"}],"wp:featuredmedia":[{"embeddable":true,"href":"https:\/\/diarioregionaldigital.com.br\/index.php?rest_route=\/wp\/v2\/media\/138657"}],"wp:attachment":[{"href":"https:\/\/diarioregionaldigital.com.br\/index.php?rest_route=%2Fwp%2Fv2%2Fmedia&parent=138656"}],"wp:term":[{"taxonomy":"category","embeddable":true,"href":"https:\/\/diarioregionaldigital.com.br\/index.php?rest_route=%2Fwp%2Fv2%2Fcategories&post=138656"},{"taxonomy":"post_tag","embeddable":true,"href":"https:\/\/diarioregionaldigital.com.br\/index.php?rest_route=%2Fwp%2Fv2%2Ftags&post=138656"}],"curies":[{"name":"wp","href":"https:\/\/api.w.org\/{rel}","templated":true}]}}